{"id":2844,"date":"2012-01-19T09:00:00","date_gmt":"2012-01-19T08:00:00","guid":{"rendered":"https:\/\/fpisani.wpengine.com\/if-steve-jobs-had-been-african\/"},"modified":"2012-01-19T09:00:00","modified_gmt":"2012-01-19T08:00:00","slug":"if-steve-jobs-had-been-african","status":"publish","type":"post","link":"https:\/\/www.francispisani.net\/en\/if-steve-jobs-had-been-african\/","title":{"rendered":"If Steve Jobs had been African &#8211; Francis Pisani"},"content":{"rendered":"<div class=\"ob-sections\">\n<div class=\"ob-section ob-section-html\">\n<div>\n<p>Innovation is not what it used to be. It\u2019s no longer limited to the usual places, to the usual social groups, or the usual personality types. As it grows in scale, and as more people throughout the world use it, it stops being the privileged space for engineers and the businesspeople who lead them.<\/p>\n<p>One of the most fascinating discoveries I made during the African stage of my trip was that entrepreneurs there are often activists \u2013 when it\u2019s not, in fact, the inverse.<\/p>\n<p>It\u2019s hard to find a businessman more a priori classic than Tunisia\u2019s Heykel Djerbi, 37 (pictured below on left). From a privileged background, he first ran a company that made detached car parts. He then put the company on the stock market \u2013 to avoid ceding to pressures made by the family of former Tunisian dictator Zine El Abidine Ben Ali, Djerbi says \u2014 before selling it. Today, he produces olive oil in southern Tunisia (creating on-site industrialization).<\/p>\n<p><img loading=\"lazy\" decoding=\"async\" alt=\"IMG 5818 520x346 If Steve Jobs had been African\" height=\"346\" src=\"https:\/\/i0.wp.com\/img.over-blog-kiwi.com\/0\/73\/87\/12\/2012\/01\/19\/ob_f2ce20_img-5818-520x346.jpg?resize=520%2C346\" title=\"IMG 5818 520x346 photo\" width=\"520\"><\/p>\n<p>One year ago, Djerbi found himself unable to ignore the Tunisian revolution. In fact, he participated in it, tweeting about the events.\u00a0Surprised by the sudden departure of Ben Ali on the night of January 14th, Djerbi and his friends quickly realized that, since it couldn\u2019t flourish under the dictatorship, good journalism was going to fail in Tunisia.<\/p>\n<p>He decided he\u2019d try to fix this problem. \u201cWhy not skip a step, like they did in Sub-Saharan Africa, which went straight to mobile phones without having adopted fixed phones first?\u201d he asked himself. He decided to create the\u00a0<a href=\"http:\/\/www.atln.info\/\">Tunisian Association for Digital Liberties<\/a>\u00a0(ATLN in French), \u201can association, because a company wouldn\u2019t have made sense,\u201d he says.\u00a0The resulting ATLN is an open platform for news sites, which hosts several projects like\u00a0<a href=\"http:\/\/fr.yezzi.info\/\">Yezzi.info<\/a>, a service for denouncing police brutality and\u00a0<a href=\"http:\/\/www.ch9alek.org\/\">Ch9alek.org<\/a>, a \u201crumor chaser.\u201d<\/p>\n<p><img loading=\"lazy\" decoding=\"async\" alt=\"102736 333x252 300x227 If Steve Jobs had been African\" height=\"227\" src=\"https:\/\/i0.wp.com\/img.over-blog-kiwi.com\/0\/73\/87\/12\/2012\/01\/19\/ob_90a819_102736-333x252-300x227.jpg?resize=300%2C227\" title=\"102736 333x252 300x227 photo\" width=\"300\">TED Fellow, Bright Simons, a 29-year old Ghanaian entrepreneur (pictured right), provided me with the insights needed to help understand this growing convergence of activists and entrepreneurs.\u00a0With<a href=\"http:\/\/mpedigree.net\/mpedigree\/index.php\">Mpedigree.net<\/a>, Bright is innovating in an area that could save thousands of lives: detecting counterfeit medication using SMS sent by buyers to a carefully maintained database.<\/p>\n<p>Bright estimates that 60% of the medication sold in his country are either placebos or poison, a phenomenon common in Africa. Mpedigree is still in its initial phases, but by the end of 2011, it already worked with 8% of the medication sold in Ghana.<\/p>\n<p>This is a case of a non-profit having a simple business model: a surcharge of 0.5% to 1% is added to each bottle of medication. Labs are happy to participate in a system that allows them to avoid counterfeiting. But launching a project like this in Africa takes a lot of time. According to Simmons, you have to \u201ccreate an entire ecosystem for an innovation to prosper.\u201d<\/p>\n<p>In his case, he fought to ensure that a sole and unique access code would be used by every mobile operator in Ghana and the rest of the continent. Pharmaceutical labs agreed to go back and add a scratch code to all of their medications. Buyers then send the code by SMS to verify that the medication is real.<\/p>\n<p>Most of the time, infrastructure and equity are missing. This is why Africa needs social entrepreneurs for innovation to occur.<\/p>\n<blockquote>\n<p>\u201cThe people who support Mpedigree have an activist background. It\u2019s in our business\u2019s DNA,\u201d he says, adding: \u201cIf Steve Jobs had been African, he would have been a social entrepreneur.\u201d<\/p>\n<\/blockquote>\n<p>Read all of Francis Pisani\u2019s posts\u00a0<a href=\"http:\/\/thenextweb.com\/tag\/winch5\/\">here on The Next Web<\/a>.<\/p>\n<\/div>\n<div>SOURCES:\u00a0<a href=\"http:\/\/pitchyourtalent.files.wordpress.com\/2011\/07\/apple-ceo-steve-jobs11.jpg\">IMAGE CREDIT<\/a>,\u00a0<a href=\"http:\/\/www.siliconmaniacs.org\/wp-content\/uploads\/2011\/03\/IMG_5818.jpg\">IMAGE CREDIT 2<\/a><\/div>\n<p>\u00a0<\/p>\n<\/div><\/div>\n","protected":false},"excerpt":{"rendered":"<p>Innovation is not what it used to be. It\u2019s no longer limited to the usual places, to the usual social groups, or the usual personality types. As it grows in scale, and as more people throughout the world use it, it stops being the privileged space for engineers and the businesspeople who lead them. One [&hellip;]<\/p>\n","protected":false},"author":2,"featured_media":0,"comment_status":"open","ping_status":"open","sticky":false,"template":"","format":"standard","meta":{"_crdt_document":"","jetpack_post_was_ever_published":false,"_jetpack_newsletter_access":"","_jetpack_dont_email_post_to_subs":false,"_jetpack_newsletter_tier_id":0,"_jetpack_memberships_contains_paywalled_content":false,"newspack_featured_image_position":"","newspack_post_subtitle":"","_jetpack_memberships_contains_paid_content":false,"footnotes":"","jetpack_publicize_message":"","jetpack_publicize_feature_enabled":true,"jetpack_social_post_already_shared":false,"jetpack_social_options":{"image_generator_settings":{"template":"highway","default_image_id":0,"font":"","enabled":false},"version":2}},"categories":[344,652,651],"tags":[],"class_list":["post-2844","post","type-post","status-publish","format-standard","hentry","category-english","category-technos-3","category-winch5-3","entry"],"yoast_head":"<!-- This site is optimized with the Yoast SEO plugin v27.5 - https:\/\/yoast.com\/product\/yoast-seo-wordpress\/ -->\n<title>If Steve Jobs had been African - Francis Pisani<\/title>\n<meta name=\"robots\" content=\"index, follow, max-snippet:-1, max-image-preview:large, max-video-preview:-1\" \/>\n<link rel=\"canonical\" href=\"https:\/\/www.francispisani.net\/en\/if-steve-jobs-had-been-african\/\" \/>\n<meta property=\"og:locale\" content=\"en_US\" \/>\n<meta property=\"og:type\" content=\"article\" \/>\n<meta property=\"og:title\" content=\"If Steve Jobs had been African - Francis Pisani\" \/>\n<meta property=\"og:description\" content=\"Innovation is not what it used to be. It\u2019s no longer limited to the usual places, to the usual social groups, or the usual personality types. As it grows in scale, and as more people throughout the world use it, it stops being the privileged space for engineers and the businesspeople who lead them. One [&hellip;]\" \/>\n<meta property=\"og:url\" content=\"https:\/\/www.francispisani.net\/en\/if-steve-jobs-had-been-african\/\" \/>\n<meta property=\"og:site_name\" content=\"FRANCIS PISANI\" \/>\n<meta property=\"article:publisher\" content=\"https:\/\/www.facebook.com\/francis.pisani\" \/>\n<meta property=\"article:author\" content=\"https:\/\/www.facebook.com\/francis.pisani\" \/>\n<meta property=\"article:published_time\" content=\"2012-01-19T08:00:00+00:00\" \/>\n<meta property=\"og:image\" content=\"http:\/\/img.over-blog-kiwi.com\/0\/73\/87\/12\/2012\/01\/19\/ob_f2ce20_img-5818-520x346.jpg\" \/>\n<meta name=\"author\" content=\"Francis Pisani\" \/>\n<meta name=\"twitter:card\" content=\"summary_large_image\" \/>\n<meta name=\"twitter:creator\" content=\"@francispisani\" \/>\n<meta name=\"twitter:site\" content=\"@francispisani\" \/>\n<meta name=\"twitter:label1\" content=\"Written by\" \/>\n\t<meta name=\"twitter:data1\" content=\"Francis Pisani\" \/>\n\t<meta name=\"twitter:label2\" content=\"Est. reading time\" \/>\n\t<meta name=\"twitter:data2\" content=\"3 minutes\" \/>\n<script type=\"application\/ld+json\" class=\"yoast-schema-graph\">{\"@context\":\"https:\\\/\\\/schema.org\",\"@graph\":[{\"@type\":\"Article\",\"@id\":\"https:\\\/\\\/www.francispisani.net\\\/en\\\/if-steve-jobs-had-been-african\\\/#article\",\"isPartOf\":{\"@id\":\"https:\\\/\\\/www.francispisani.net\\\/en\\\/if-steve-jobs-had-been-african\\\/\"},\"author\":{\"name\":\"Francis Pisani\",\"@id\":\"https:\\\/\\\/www.francispisani.net\\\/en\\\/#\\\/schema\\\/person\\\/23840424e18a129b90f71aba0809a74d\"},\"headline\":\"If Steve Jobs had been African &#8211; Francis Pisani\",\"datePublished\":\"2012-01-19T08:00:00+00:00\",\"mainEntityOfPage\":{\"@id\":\"https:\\\/\\\/www.francispisani.net\\\/en\\\/if-steve-jobs-had-been-african\\\/\"},\"wordCount\":609,\"commentCount\":0,\"publisher\":{\"@id\":\"https:\\\/\\\/www.francispisani.net\\\/en\\\/#\\\/schema\\\/person\\\/23840424e18a129b90f71aba0809a74d\"},\"image\":{\"@id\":\"https:\\\/\\\/www.francispisani.net\\\/en\\\/if-steve-jobs-had-been-african\\\/#primaryimage\"},\"thumbnailUrl\":\"http:\\\/\\\/img.over-blog-kiwi.com\\\/0\\\/73\\\/87\\\/12\\\/2012\\\/01\\\/19\\\/ob_f2ce20_img-5818-520x346.jpg\",\"articleSection\":[\"english\",\"technos\",\"winch5\"],\"inLanguage\":\"en-US\"},{\"@type\":\"WebPage\",\"@id\":\"https:\\\/\\\/www.francispisani.net\\\/en\\\/if-steve-jobs-had-been-african\\\/\",\"url\":\"https:\\\/\\\/www.francispisani.net\\\/en\\\/if-steve-jobs-had-been-african\\\/\",\"name\":\"If Steve Jobs had been African - Francis Pisani\",\"isPartOf\":{\"@id\":\"https:\\\/\\\/www.francispisani.net\\\/en\\\/#website\"},\"primaryImageOfPage\":{\"@id\":\"https:\\\/\\\/www.francispisani.net\\\/en\\\/if-steve-jobs-had-been-african\\\/#primaryimage\"},\"image\":{\"@id\":\"https:\\\/\\\/www.francispisani.net\\\/en\\\/if-steve-jobs-had-been-african\\\/#primaryimage\"},\"thumbnailUrl\":\"http:\\\/\\\/img.over-blog-kiwi.com\\\/0\\\/73\\\/87\\\/12\\\/2012\\\/01\\\/19\\\/ob_f2ce20_img-5818-520x346.jpg\",\"datePublished\":\"2012-01-19T08:00:00+00:00\",\"breadcrumb\":{\"@id\":\"https:\\\/\\\/www.francispisani.net\\\/en\\\/if-steve-jobs-had-been-african\\\/#breadcrumb\"},\"inLanguage\":\"en-US\",\"potentialAction\":[{\"@type\":\"ReadAction\",\"target\":[\"https:\\\/\\\/www.francispisani.net\\\/en\\\/if-steve-jobs-had-been-african\\\/\"]}]},{\"@type\":\"ImageObject\",\"inLanguage\":\"en-US\",\"@id\":\"https:\\\/\\\/www.francispisani.net\\\/en\\\/if-steve-jobs-had-been-african\\\/#primaryimage\",\"url\":\"http:\\\/\\\/img.over-blog-kiwi.com\\\/0\\\/73\\\/87\\\/12\\\/2012\\\/01\\\/19\\\/ob_f2ce20_img-5818-520x346.jpg\",\"contentUrl\":\"http:\\\/\\\/img.over-blog-kiwi.com\\\/0\\\/73\\\/87\\\/12\\\/2012\\\/01\\\/19\\\/ob_f2ce20_img-5818-520x346.jpg\"},{\"@type\":\"BreadcrumbList\",\"@id\":\"https:\\\/\\\/www.francispisani.net\\\/en\\\/if-steve-jobs-had-been-african\\\/#breadcrumb\",\"itemListElement\":[{\"@type\":\"ListItem\",\"position\":1,\"name\":\"Home\",\"item\":\"https:\\\/\\\/www.francispisani.net\\\/en\\\/\"},{\"@type\":\"ListItem\",\"position\":2,\"name\":\"If Steve Jobs had been African &#8211; Francis Pisani\"}]},{\"@type\":\"WebSite\",\"@id\":\"https:\\\/\\\/www.francispisani.net\\\/en\\\/#website\",\"url\":\"https:\\\/\\\/www.francispisani.net\\\/en\\\/\",\"name\":\"FRANCIS PISANI\",\"description\":\"\",\"publisher\":{\"@id\":\"https:\\\/\\\/www.francispisani.net\\\/en\\\/#\\\/schema\\\/person\\\/23840424e18a129b90f71aba0809a74d\"},\"potentialAction\":[{\"@type\":\"SearchAction\",\"target\":{\"@type\":\"EntryPoint\",\"urlTemplate\":\"https:\\\/\\\/www.francispisani.net\\\/en\\\/?s={search_term_string}\"},\"query-input\":{\"@type\":\"PropertyValueSpecification\",\"valueRequired\":true,\"valueName\":\"search_term_string\"}}],\"inLanguage\":\"en-US\"},{\"@type\":[\"Person\",\"Organization\"],\"@id\":\"https:\\\/\\\/www.francispisani.net\\\/en\\\/#\\\/schema\\\/person\\\/23840424e18a129b90f71aba0809a74d\",\"name\":\"Francis Pisani\",\"image\":{\"@type\":\"ImageObject\",\"inLanguage\":\"en-US\",\"@id\":\"https:\\\/\\\/i2.wp.com\\\/www.francispisani.net\\\/wp-content\\\/uploads\\\/2020\\\/08\\\/francis-pisani-photo.jpeg?fit=200%2C200&ssl=1\",\"url\":\"https:\\\/\\\/i2.wp.com\\\/www.francispisani.net\\\/wp-content\\\/uploads\\\/2020\\\/08\\\/francis-pisani-photo.jpeg?fit=200%2C200&ssl=1\",\"contentUrl\":\"https:\\\/\\\/i2.wp.com\\\/www.francispisani.net\\\/wp-content\\\/uploads\\\/2020\\\/08\\\/francis-pisani-photo.jpeg?fit=200%2C200&ssl=1\",\"width\":200,\"height\":200,\"caption\":\"Francis Pisani\"},\"logo\":{\"@id\":\"https:\\\/\\\/i2.wp.com\\\/www.francispisani.net\\\/wp-content\\\/uploads\\\/2020\\\/08\\\/francis-pisani-photo.jpeg?fit=200%2C200&ssl=1\"},\"description\":\"J\u2019enqu\u00eate, je suis et j\u2019analyse les technologies de l\u2019information et de la communication depuis la pr\u00e9histoire (1994). Piqu\u00e9 par la curiosit\u00e9 et l\u2019envie de comprendre ce que je sentais important, je suis all\u00e9 m\u2019installer dans la r\u00e9gion de San Francisco (janvier 1996) o\u00f9 j\u2019ai pass\u00e9 quinze ans \u00e0 enqu\u00eater sur ce qui s\u2019y faisait : l\u2019\u00e9mergence, le boom, le bust et la reprise. Un cycle complet \u00e0 la suite de quoi j\u2019ai trouv\u00e9 que m\u00eame \u00e0 Silicon Valley on peut se r\u00e9p\u00e9ter. En fait j\u2019ai la bougeotte. De retour en Europe (2010), j\u2019ai lanc\u00e9 un tour du monde de l\u2019innovation, le projet Winch 5 -- 45 villes, 32 pays entre septembre 2011 et octobre 2012 - enti\u00e8rement consacr\u00e9 \u00e0 l'\u00e9tude des conditions \u00e9conomiques, financi\u00e8res, culturelles et sociales du d\u00e9veloppement de l'innovation. J\u2019en a rapport\u00e9 des enseignements sur les meilleures fa\u00e7ons de la rendre possible, de l'encourager, de pr\u00e9parer individus, entreprises et nations \u00e0 participer ainsi \u00e0 la construction de leur propre futur. Une aventure fascinante qui m\u2019a permis de rencontrer des gens audacieux, dot\u00e9s d\u2019une grande intelligence ou d\u2019un grand c\u0153ur. Parfois les deux ensembles. Je donne r\u00e9guli\u00e8rement conf\u00e9rences et s\u00e9minaires sur ce sujet dans certaines entreprises fran\u00e7aises de poids : Bouygues Telecom, CapGemini, L'Or\u00e9al, SFR, SNCF, entre autres ainsi que dans des forums moins prestigieux mais dans lesquels l\u2019assistance est passionn\u00e9e Convaincu que l\u2019am\u00e9lioration de nos villes et de la d\u00e9mocratie locale est un enjeu technologique et social majeur, je viens de me lancer dans une nouvelle s\u00e9rie d\u2019enqu\u00eates \u2013 un tour du monde en plusieurs \u00e9tapes nomm\u00e9 Participolis - sur les villes intelligentes ou qui s\u2019efforcent de l\u2019\u00eatre : 20 villes entre janvier 2014 et avril 2015. Je le con\u00e7ois comme une tension constante entre deux p\u00f4les d\u2019un m\u00eame probl\u00e8me : CitySmarting ou l\u2019effort pour rendre les villes plus intelligentes gr\u00e2ce, notamment aux technologies de l\u2019information et Participolis, le fait qu\u2019un meilleur futur pour nos villes ne peut \u00e9merger que de notre participation \u00e0 leur conception et \u00e0 leur gestion. Mes articles et chroniques ont \u00e9t\u00e9 publi\u00e9s par plus de 100 m\u00e9dias sur quatre continents dont Le Monde, El Pa\u00eds (Madrid), Reforma (Mexico), The Next Web (Amsterdam) et Folha de S\u00e3o Paulo (Br\u00e9sil). J'enseigne aussi \u00e0 la Paris School of International Affairs de l'Institut d'\u00c9tudes Politiques de Paris et \u00e0 la WebSchoolFactory. J\u2019ai donn\u00e9 des cours \u00e0 l'Universit\u00e9 de Berkeley et \u00e0 l'Universit\u00e9 de Stanford. Je participe en temps qu\u2019expert au r\u00e9seau Netexplo. J\u2019ai publi\u00e9 plusieurs livres dont Comment le web change le monde, l'alchimie des multitudes (Pearson) avec Dominique Piotet (2008 et 2011). Quand je ne suis pas en vadrouille autour du monde, je vis entre Paris, Barcelone et Mexico. Mais toujours je suis int\u00e9ress\u00e9 par vos commentaires, critiques et suggestions. Francispisani \u00e0 gmailvousconnaissezlasuite Google http:\\\/\\\/tinyurl.com\\\/francispisani Twitter: @francispisani A tout de suite\u2026\",\"sameAs\":[\"https:\\\/\\\/www.francispisani.net\\\/\",\"https:\\\/\\\/www.facebook.com\\\/francis.pisani\",\"https:\\\/\\\/www.linkedin.com\\\/in\\\/francispisani\",\"https:\\\/\\\/x.com\\\/francispisani\",\"https:\\\/\\\/fr.wikipedia.org\\\/wiki\\\/Francis_Pisani\"],\"url\":\"https:\\\/\\\/www.francispisani.net\\\/en\\\/author\\\/francis-pisani\\\/\"}]}<\/script>\n<!-- \/ Yoast SEO plugin. -->","yoast_head_json":{"title":"If Steve Jobs had been African - Francis Pisani","robots":{"index":"index","follow":"follow","max-snippet":"max-snippet:-1","max-image-preview":"max-image-preview:large","max-video-preview":"max-video-preview:-1"},"canonical":"https:\/\/www.francispisani.net\/en\/if-steve-jobs-had-been-african\/","og_locale":"en_US","og_type":"article","og_title":"If Steve Jobs had been African - Francis Pisani","og_description":"Innovation is not what it used to be. It\u2019s no longer limited to the usual places, to the usual social groups, or the usual personality types. As it grows in scale, and as more people throughout the world use it, it stops being the privileged space for engineers and the businesspeople who lead them. One [&hellip;]","og_url":"https:\/\/www.francispisani.net\/en\/if-steve-jobs-had-been-african\/","og_site_name":"FRANCIS PISANI","article_publisher":"https:\/\/www.facebook.com\/francis.pisani","article_author":"https:\/\/www.facebook.com\/francis.pisani","article_published_time":"2012-01-19T08:00:00+00:00","og_image":[{"url":"http:\/\/img.over-blog-kiwi.com\/0\/73\/87\/12\/2012\/01\/19\/ob_f2ce20_img-5818-520x346.jpg","type":"","width":"","height":""}],"author":"Francis Pisani","twitter_card":"summary_large_image","twitter_creator":"@francispisani","twitter_site":"@francispisani","twitter_misc":{"Written by":"Francis Pisani","Est. reading time":"3 minutes"},"schema":{"@context":"https:\/\/schema.org","@graph":[{"@type":"Article","@id":"https:\/\/www.francispisani.net\/en\/if-steve-jobs-had-been-african\/#article","isPartOf":{"@id":"https:\/\/www.francispisani.net\/en\/if-steve-jobs-had-been-african\/"},"author":{"name":"Francis Pisani","@id":"https:\/\/www.francispisani.net\/en\/#\/schema\/person\/23840424e18a129b90f71aba0809a74d"},"headline":"If Steve Jobs had been African &#8211; Francis Pisani","datePublished":"2012-01-19T08:00:00+00:00","mainEntityOfPage":{"@id":"https:\/\/www.francispisani.net\/en\/if-steve-jobs-had-been-african\/"},"wordCount":609,"commentCount":0,"publisher":{"@id":"https:\/\/www.francispisani.net\/en\/#\/schema\/person\/23840424e18a129b90f71aba0809a74d"},"image":{"@id":"https:\/\/www.francispisani.net\/en\/if-steve-jobs-had-been-african\/#primaryimage"},"thumbnailUrl":"http:\/\/img.over-blog-kiwi.com\/0\/73\/87\/12\/2012\/01\/19\/ob_f2ce20_img-5818-520x346.jpg","articleSection":["english","technos","winch5"],"inLanguage":"en-US"},{"@type":"WebPage","@id":"https:\/\/www.francispisani.net\/en\/if-steve-jobs-had-been-african\/","url":"https:\/\/www.francispisani.net\/en\/if-steve-jobs-had-been-african\/","name":"If Steve Jobs had been African - Francis Pisani","isPartOf":{"@id":"https:\/\/www.francispisani.net\/en\/#website"},"primaryImageOfPage":{"@id":"https:\/\/www.francispisani.net\/en\/if-steve-jobs-had-been-african\/#primaryimage"},"image":{"@id":"https:\/\/www.francispisani.net\/en\/if-steve-jobs-had-been-african\/#primaryimage"},"thumbnailUrl":"http:\/\/img.over-blog-kiwi.com\/0\/73\/87\/12\/2012\/01\/19\/ob_f2ce20_img-5818-520x346.jpg","datePublished":"2012-01-19T08:00:00+00:00","breadcrumb":{"@id":"https:\/\/www.francispisani.net\/en\/if-steve-jobs-had-been-african\/#breadcrumb"},"inLanguage":"en-US","potentialAction":[{"@type":"ReadAction","target":["https:\/\/www.francispisani.net\/en\/if-steve-jobs-had-been-african\/"]}]},{"@type":"ImageObject","inLanguage":"en-US","@id":"https:\/\/www.francispisani.net\/en\/if-steve-jobs-had-been-african\/#primaryimage","url":"http:\/\/img.over-blog-kiwi.com\/0\/73\/87\/12\/2012\/01\/19\/ob_f2ce20_img-5818-520x346.jpg","contentUrl":"http:\/\/img.over-blog-kiwi.com\/0\/73\/87\/12\/2012\/01\/19\/ob_f2ce20_img-5818-520x346.jpg"},{"@type":"BreadcrumbList","@id":"https:\/\/www.francispisani.net\/en\/if-steve-jobs-had-been-african\/#breadcrumb","itemListElement":[{"@type":"ListItem","position":1,"name":"Home","item":"https:\/\/www.francispisani.net\/en\/"},{"@type":"ListItem","position":2,"name":"If Steve Jobs had been African &#8211; Francis Pisani"}]},{"@type":"WebSite","@id":"https:\/\/www.francispisani.net\/en\/#website","url":"https:\/\/www.francispisani.net\/en\/","name":"FRANCIS PISANI","description":"","publisher":{"@id":"https:\/\/www.francispisani.net\/en\/#\/schema\/person\/23840424e18a129b90f71aba0809a74d"},"potentialAction":[{"@type":"SearchAction","target":{"@type":"EntryPoint","urlTemplate":"https:\/\/www.francispisani.net\/en\/?s={search_term_string}"},"query-input":{"@type":"PropertyValueSpecification","valueRequired":true,"valueName":"search_term_string"}}],"inLanguage":"en-US"},{"@type":["Person","Organization"],"@id":"https:\/\/www.francispisani.net\/en\/#\/schema\/person\/23840424e18a129b90f71aba0809a74d","name":"Francis Pisani","image":{"@type":"ImageObject","inLanguage":"en-US","@id":"https:\/\/i2.wp.com\/www.francispisani.net\/wp-content\/uploads\/2020\/08\/francis-pisani-photo.jpeg?fit=200%2C200&ssl=1","url":"https:\/\/i2.wp.com\/www.francispisani.net\/wp-content\/uploads\/2020\/08\/francis-pisani-photo.jpeg?fit=200%2C200&ssl=1","contentUrl":"https:\/\/i2.wp.com\/www.francispisani.net\/wp-content\/uploads\/2020\/08\/francis-pisani-photo.jpeg?fit=200%2C200&ssl=1","width":200,"height":200,"caption":"Francis Pisani"},"logo":{"@id":"https:\/\/i2.wp.com\/www.francispisani.net\/wp-content\/uploads\/2020\/08\/francis-pisani-photo.jpeg?fit=200%2C200&ssl=1"},"description":"J\u2019enqu\u00eate, je suis et j\u2019analyse les technologies de l\u2019information et de la communication depuis la pr\u00e9histoire (1994). Piqu\u00e9 par la curiosit\u00e9 et l\u2019envie de comprendre ce que je sentais important, je suis all\u00e9 m\u2019installer dans la r\u00e9gion de San Francisco (janvier 1996) o\u00f9 j\u2019ai pass\u00e9 quinze ans \u00e0 enqu\u00eater sur ce qui s\u2019y faisait : l\u2019\u00e9mergence, le boom, le bust et la reprise. Un cycle complet \u00e0 la suite de quoi j\u2019ai trouv\u00e9 que m\u00eame \u00e0 Silicon Valley on peut se r\u00e9p\u00e9ter. En fait j\u2019ai la bougeotte. De retour en Europe (2010), j\u2019ai lanc\u00e9 un tour du monde de l\u2019innovation, le projet Winch 5 -- 45 villes, 32 pays entre septembre 2011 et octobre 2012 - enti\u00e8rement consacr\u00e9 \u00e0 l'\u00e9tude des conditions \u00e9conomiques, financi\u00e8res, culturelles et sociales du d\u00e9veloppement de l'innovation. J\u2019en a rapport\u00e9 des enseignements sur les meilleures fa\u00e7ons de la rendre possible, de l'encourager, de pr\u00e9parer individus, entreprises et nations \u00e0 participer ainsi \u00e0 la construction de leur propre futur. Une aventure fascinante qui m\u2019a permis de rencontrer des gens audacieux, dot\u00e9s d\u2019une grande intelligence ou d\u2019un grand c\u0153ur. Parfois les deux ensembles. Je donne r\u00e9guli\u00e8rement conf\u00e9rences et s\u00e9minaires sur ce sujet dans certaines entreprises fran\u00e7aises de poids : Bouygues Telecom, CapGemini, L'Or\u00e9al, SFR, SNCF, entre autres ainsi que dans des forums moins prestigieux mais dans lesquels l\u2019assistance est passionn\u00e9e Convaincu que l\u2019am\u00e9lioration de nos villes et de la d\u00e9mocratie locale est un enjeu technologique et social majeur, je viens de me lancer dans une nouvelle s\u00e9rie d\u2019enqu\u00eates \u2013 un tour du monde en plusieurs \u00e9tapes nomm\u00e9 Participolis - sur les villes intelligentes ou qui s\u2019efforcent de l\u2019\u00eatre : 20 villes entre janvier 2014 et avril 2015. Je le con\u00e7ois comme une tension constante entre deux p\u00f4les d\u2019un m\u00eame probl\u00e8me : CitySmarting ou l\u2019effort pour rendre les villes plus intelligentes gr\u00e2ce, notamment aux technologies de l\u2019information et Participolis, le fait qu\u2019un meilleur futur pour nos villes ne peut \u00e9merger que de notre participation \u00e0 leur conception et \u00e0 leur gestion. Mes articles et chroniques ont \u00e9t\u00e9 publi\u00e9s par plus de 100 m\u00e9dias sur quatre continents dont Le Monde, El Pa\u00eds (Madrid), Reforma (Mexico), The Next Web (Amsterdam) et Folha de S\u00e3o Paulo (Br\u00e9sil). J'enseigne aussi \u00e0 la Paris School of International Affairs de l'Institut d'\u00c9tudes Politiques de Paris et \u00e0 la WebSchoolFactory. J\u2019ai donn\u00e9 des cours \u00e0 l'Universit\u00e9 de Berkeley et \u00e0 l'Universit\u00e9 de Stanford. Je participe en temps qu\u2019expert au r\u00e9seau Netexplo. J\u2019ai publi\u00e9 plusieurs livres dont Comment le web change le monde, l'alchimie des multitudes (Pearson) avec Dominique Piotet (2008 et 2011). Quand je ne suis pas en vadrouille autour du monde, je vis entre Paris, Barcelone et Mexico. Mais toujours je suis int\u00e9ress\u00e9 par vos commentaires, critiques et suggestions. Francispisani \u00e0 gmailvousconnaissezlasuite Google http:\/\/tinyurl.com\/francispisani Twitter: @francispisani A tout de suite\u2026","sameAs":["https:\/\/www.francispisani.net\/","https:\/\/www.facebook.com\/francis.pisani","https:\/\/www.linkedin.com\/in\/francispisani","https:\/\/x.com\/francispisani","https:\/\/fr.wikipedia.org\/wiki\/Francis_Pisani"],"url":"https:\/\/www.francispisani.net\/en\/author\/francis-pisani\/"}]}},"jetpack_publicize_connections":[],"jetpack_featured_media_url":"","jetpack-related-posts":[{"id":3195,"url":"https:\/\/www.francispisani.net\/en\/it-isnt-a-priority-for-south-africa\/","url_meta":{"origin":2844,"position":0},"title":"IT Isn\u2019t a Priority for South Africa &#8211; Francis Pisani","author":"Francis Pisani","date":"4 July 2012","format":false,"excerpt":"South Africa has some strong performers in its Internet and communications technologies (ITCT) activity, but the country doesn\u2019t seem to be making them a real part of its development strategy, and that\u2019s too bad.Let\u2019s begin with the SuccessesPaypal was born from the fusion of two companies, one of which was\u00a0X.com,\u2026","rel":"","context":"In &quot;english&quot;","block_context":{"text":"english","link":"https:\/\/www.francispisani.net\/en\/english\/"},"img":{"alt_text":"","src":"","width":0,"height":0},"classes":[]},{"id":3313,"url":"https:\/\/www.francispisani.net\/en\/design-thinking-how-to-innovate-if-youre-not-an-engineer\/","url_meta":{"origin":2844,"position":1},"title":"Design thinking: How to innovate if you\u2019re not an engineer &#8211; Francis Pisani","author":"Francis Pisani","date":"10 September 2012","format":false,"excerpt":"Tech innovation will always need engineers \u2013 and savvy geeks \u2013 entrepreneurs, and investors excited by risks and the opportunities that come with them.Everyone has their own recipe for success, so there really is no one true way to do things.It\u2019s like brewing, the co-mingling of important elements. The mix\u2026","rel":"","context":"In &quot;english&quot;","block_context":{"text":"english","link":"https:\/\/www.francispisani.net\/en\/english\/"},"img":{"alt_text":"silvio meira Design thinking: How to innovate if youre not an engineer","src":"https:\/\/i0.wp.com\/img.over-blog-kiwi.com\/0\/73\/87\/12\/2012\/09\/10\/ob_48c821_silvio-meira.jpg?resize=350%2C200","width":350,"height":200},"classes":[]},{"id":2925,"url":"https:\/\/www.francispisani.net\/en\/can-turkeys-contribution-to-the-web-be-reproduced-elsewhere\/","url_meta":{"origin":2844,"position":2},"title":"Can Turkey\u2019s contribution to the Web be reproduced elsewhere? &#8211; Francis Pisani","author":"Francis Pisani","date":"18 February 2012","format":false,"excerpt":"\u201cIt\u2019s Turkey\u2019s major contribution to the Internet,\u201d says professor Ozg\u00fcr U\u00e7kan of Istanbul Bigli University, of the site ironically called\u00a0Ek\u015fi S\u00f6zl\u00fck, the \u201cSour Dictionary.\u201dThe site has 36,000 authors, and an equal number of users who hope to become authors. It contains more than 10 million entries, gathered into more than\u2026","rel":"","context":"In &quot;english&quot;","block_context":{"text":"english","link":"https:\/\/www.francispisani.net\/en\/english\/"},"img":{"alt_text":"Screen shot 2012 02 18 at 12.16.06 PM Can Turkeys contribution to the Web be reproduced elsewhere?","src":"https:\/\/i0.wp.com\/img.over-blog-kiwi.com\/0\/73\/87\/12\/2012\/02\/18\/ob_ae4805_screen-shot-2012-02-18-at-12-16-06-pm.jpg?resize=350%2C200","width":350,"height":200},"classes":[]},{"id":2871,"url":"https:\/\/www.francispisani.net\/building-location-based-social-networks-in-egyp\/","url_meta":{"origin":2844,"position":3},"title":"Building location-based social networks in Egypt &#8211; Francis Pisani","author":"Francis Pisani","date":"15 February 2012","format":false,"excerpt":"Adel Youssef, 39, a PhD in Computer Science from the University of Maryland, is the creator of Google\u2019s MyLocation service. He worked at Google for five years, receiving a myriad of Silicon Valley honors.\u00a0He\u2019s a member of the small group (14 people) who has won the Google Founders\u2019 award, given\u2026","rel":"","context":"In &quot;Non classifi\u00e9(e)&quot;","block_context":{"text":"Non classifi\u00e9(e)","link":"https:\/\/www.francispisani.net\/non-classifiee\/"},"img":{"alt_text":"10553 Building location based social networks in Egypt","src":"https:\/\/i0.wp.com\/fpisani.wpengine.com\/wp-content\/uploads\/2020\/08\/ob_463cfb_10553.jpg?resize=350%2C200&ssl=1","width":350,"height":200},"classes":[]},{"id":2956,"url":"https:\/\/www.francispisani.net\/en\/in-yogurtistan-creating-a-currency-thats-valuable-online-and-off\/","url_meta":{"origin":2844,"position":4},"title":"In Yogurtistan, creating a currency that\u2019s valuable online and off &#8211; Francis Pisani","author":"Francis Pisani","date":"17 March 2012","format":false,"excerpt":"Cemil Turun is, without a doubt, one of the most ambitious entrepreneurs I\u2019ve interviewed so far. He wants to create a currency that works in both the online and offline worlds. Facing my obvious journalistic skepticism, he hurries to add that his company,\u00a0Yogurt Technologies, is one of the first six\u2026","rel":"","context":"In &quot;english&quot;","block_context":{"text":"english","link":"https:\/\/www.francispisani.net\/en\/english\/"},"img":{"alt_text":"meydan1 520x390 In Yogurtistan, creating a currency thats valuable online and off","src":"https:\/\/i0.wp.com\/img.over-blog-kiwi.com\/0\/73\/87\/12\/2012\/03\/17\/ob_41a9a2_meydan1-520x390.jpg?resize=350%2C200","width":350,"height":200},"classes":[]},{"id":2961,"url":"https:\/\/www.francispisani.net\/en\/in-yogurtistan-a-currency-valuable-online-and-off\/","url_meta":{"origin":2844,"position":5},"title":"In Yogurtistan, a currency valuable online and off &#8211; Francis Pisani","author":"Francis Pisani","date":"19 March 2012","format":false,"excerpt":"Cemil Turun is, without a doubt, one of the most ambitious people I\u2019ve ever interviewed. He wants to create a currency that works in both the online and offline worlds. Facing my obvious journalist\u2019s skepticism, he hurries to add that his company, Yogurt Technologies (yogurt.com.tr) is one of the first\u2026","rel":"","context":"In &quot;english&quot;","block_context":{"text":"english","link":"https:\/\/www.francispisani.net\/en\/english\/"},"img":{"alt_text":"","src":"","width":0,"height":0},"classes":[]}],"jetpack_sharing_enabled":true,"jetpack_likes_enabled":true,"amp_enabled":true,"_links":{"self":[{"href":"https:\/\/www.francispisani.net\/en\/wp-json\/wp\/v2\/posts\/2844","targetHints":{"allow":["GET"]}}],"collection":[{"href":"https:\/\/www.francispisani.net\/en\/wp-json\/wp\/v2\/posts"}],"about":[{"href":"https:\/\/www.francispisani.net\/en\/wp-json\/wp\/v2\/types\/post"}],"author":[{"embeddable":true,"href":"https:\/\/www.francispisani.net\/en\/wp-json\/wp\/v2\/users\/2"}],"replies":[{"embeddable":true,"href":"https:\/\/www.francispisani.net\/en\/wp-json\/wp\/v2\/comments?post=2844"}],"version-history":[{"count":0,"href":"https:\/\/www.francispisani.net\/en\/wp-json\/wp\/v2\/posts\/2844\/revisions"}],"wp:attachment":[{"href":"https:\/\/www.francispisani.net\/en\/wp-json\/wp\/v2\/media?parent=2844"}],"wp:term":[{"taxonomy":"category","embeddable":true,"href":"https:\/\/www.francispisani.net\/en\/wp-json\/wp\/v2\/categories?post=2844"},{"taxonomy":"post_tag","embeddable":true,"href":"https:\/\/www.francispisani.net\/en\/wp-json\/wp\/v2\/tags?post=2844"}],"curies":[{"name":"wp","href":"https:\/\/api.w.org\/{rel}","templated":true}]}}