{"id":3495,"date":"2013-06-30T09:00:00","date_gmt":"2013-06-30T07:00:00","guid":{"rendered":"https:\/\/fpisani.wpengine.com\/enlaces-9\/"},"modified":"2013-06-30T09:00:00","modified_gmt":"2013-06-30T07:00:00","slug":"enlaces-9","status":"publish","type":"post","link":"https:\/\/www.francispisani.net\/es\/enlaces-9\/","title":{"rendered":"Enlaces &#8211; Francis Pisani"},"content":{"rendered":"<div class=\"ob-sections\">\n<div class=\"ob-section ob-section-text\">\n<div class=\"ob-text\">\n<h4>\u00bfDestino manifiesto? Que la crowd se vuelva la empresa<\/h4>\n<p>He le\u00eddo algo similar en un lindo libro escrito por AGR y JF \ud83d\ude09 pero se\u00f1alo la nota por su refrescante sentido de la provocaci\u00f3n. De la misma manera que Zuckerberg invita a proveer herramientas a las comunidades <a href=\"http:\/\/www.web-strategist.com\/\">Jeremiah Owyang<\/a> (conocido consultor del grupo <a href=\"http:\/\/www.altimetergroup.com\/\">Altimeter<\/a>) invita a proveer una plataforma para <a href=\"http:\/\/www.web-strategist.com\/blog\/2013\/06\/21\/provide-a-platform-for-the-crowd-to-become-your-company\/\">que los clientes, juntos con los empleados se vuelvan la empresa<\/a>.<\/p>\n<p>Lo interesante radica m\u00e1s que todo en dos enlaces: la categor\u00eda bajo la cual el autor \u2013reagrupa todos sus notas sobre la <a href=\"http:\/\/www.web-strategist.com\/blog\/category\/collaborative-economy\/\">econom\u00eda colaborativa<\/a> y un <a href=\"http:\/\/www.web-strategist.com\/blog\/2013\/06\/04\/report-corporations-must-join-the-collaborative-economy\/\">informe<\/a> sobre el tema.<\/p>\n<h4>Historia de la palabra \u00abinnovaci\u00f3n\u00bb<\/h4>\n<p>Aparecida en el siglo 13 la palabra \u00abinnovador\u00bb era una acusaci\u00f3n muy cercana a \u00abhereje\u00bb. Se utiliz\u00f3 hasta el siglo 18 para criticar a quienes quer\u00edan cambiar algo. El auge de las ciencias hizo que el \u00abbuzz word\u00bb fuera m\u00e1s bien \u00abinvenci\u00f3n\u00bb hasta que Schumpeter le diera el contenido que tiene hoy: algo nuevo que una empresa utiliza en su business model, una invenci\u00f3n con aceptaci\u00f3n por el mercado. Seg\u00fan Google el uso de \u00abinnovaci\u00f3n\u00bb empez\u00f3 a rebasar el de \u00abinvenci\u00f3n\u00bb en el 1970 y se sigue usando cada vez m\u00e1s.<\/p>\n<p><a href=\"http:\/\/www.theatlantic.com\/business\/archive\/2013\/06\/innovation-the-history-of-a-buzzword\/277067\/\">El art\u00edculo<\/a> insiste sobre el hecho que se habla m\u00e1s de algo que se tiende a hacer menos. Lo interesante es que se inspira de un <a href=\"http:\/\/www.csiic.ca\/\">estudio a profundidad<\/a> del uso de la palabra por el canadiense Beno\u00eet Godin.<\/p>\n<h4>Protestas en Brasil: lo que hacen los geeks<\/h4>\n<p>Adem\u00e1s de protestar en las calles los geeks de Rio se reunieron para investigar las redes de poder econ\u00f3mico de la ciudad y la corrupci\u00f3n ligada al transporte p\u00fablico. El <a href=\"http:\/\/medialabufrj.wordpress.com\/\">MediaLab<\/a> de la Universidad Federal de Rio de Janeiro organiz\u00f3 un <a href=\"https:\/\/www.facebook.com\/events\/168607823317482\/\">Hackaday<\/a> con estos fines y el New York Times sac\u00f3 <a href=\"http:\/\/www.nytimes.com\/video\/2013\/06\/20\/world\/americas\/100000002293066\/brazilian-students-dig-for-corruption.html\">un video sobre el evento<\/a>.<\/p>\n<p>No es la primera vez que estamos viendo este paralelismo entre varias formas de acci\u00f3n. Llama la atenci\u00f3n el paso del uso de la tecnolog\u00eda para fortalecer las manifestaciones con las redes sociales a su uso para darle contenido a las reivindicaciones. Un paso de lo emocional a lo pensado que deber\u00eda, ahora, ser sistem\u00e1tico y por lo tanto\u2026 preparado o, por lo menos debatido, contemplado\u2026<\/p>\n<h4>C\u00f3mo @Guardian lleg\u00f3 al mill\u00f3n de seguidores<\/h4>\n<p><a href=\"http:\/\/www.journalism.co.uk\/news\/twitter-tips-how-guardian-reached-1m-followers\/s2\/a552990\/\">Cuatro elementos merecen atenci\u00f3n<\/a> y pueden ser utilizados por muchos de nosotros:<\/p>\n<ul>\n<li>un uso intensivo de los datos (analytics),<\/li>\n<li>la b\u00fasqueda de una \u201cvoz\u201d<\/li>\n<li>la planificaci\u00f3n diaria y semanal de lo que se va a twitear<\/li>\n<li>la solicitaci\u00f3n de los seguidores para conseguir su involucramiento<\/li>\n<\/ul>\n<p>Lo que m\u00e1s llama la atenci\u00f3n es el hecho que nada es \u201cautom\u00e1tico\u201d ni el posible recurso a los algoritmos, ni la manera de funcionar de los humanos.<\/p>\n<h4>Pandemias y redes<\/h4>\n<p>En los \u00faltimos d\u00edas aparecieron casos de un <a href=\"http:\/\/www.lexpress.fr\/actualite\/sciences\/sante\/coronavirus-une-pandemie-est-elle-a-craindre_1247671.html\">nuevo coronavirus en Europa (Alemania, Gran Breta\u00f1a y Francia)<\/a> y de una nueva forma de influenza (H7N9) en China. Es probable que se transforme pronto en un tema favorito de los medios y de las redes sociales. La mayor\u00eda de ellos nos hablar\u00e1n de los riesgos y de <a href=\"http:\/\/www.nytimes.com\/2013\/05\/10\/opinion\/the-next-contagion-closer-than-you-think.html?pagewanted=all\">la dificultad de confrontarla con base en sus propiedades biol\u00f3gicas<\/a>. Cuentan por supuesto.<\/p>\n<p>Pero me parece importante recordar que al lado de lo que se puede hacer (o no) con vacunas (siempre atrasadas) la aplicaci\u00f3n de la teor\u00eda de las redes ha mostrado ser una de las armas m\u00e1s eficientes. A dos niveles: el de la comprensi\u00f3n de las <a href=\"http:\/\/www.youtube.com\/watch?feature=player_embedded&amp;v=10oQMHadGos\">redes intercelulares de prote\u00ednas<\/a> y el de la contagi\u00f3n, tanto a nivel local c\u00f3mo en el caso de su impacto sobre las comunicaciones internacionales.<\/p>\n<\/p><\/div>\n<\/div><\/div>\n","protected":false},"excerpt":{"rendered":"<p>\u00bfDestino manifiesto? Que la crowd se vuelva la empresa He le\u00eddo algo similar en un lindo libro escrito por AGR y JF \ud83d\ude09 pero se\u00f1alo la nota por su refrescante sentido de la provocaci\u00f3n. De la misma manera que Zuckerberg invita a proveer herramientas a las comunidades Jeremiah Owyang (conocido consultor del grupo Altimeter) invita [&hellip;]<\/p>\n","protected":false},"author":2,"featured_media":0,"comment_status":"open","ping_status":"open","sticky":false,"template":"","format":"standard","meta":{"_crdt_document":"","jetpack_post_was_ever_published":false,"_jetpack_newsletter_access":"","_jetpack_dont_email_post_to_subs":false,"_jetpack_newsletter_tier_id":0,"_jetpack_memberships_contains_paywalled_content":false,"newspack_featured_image_position":"","newspack_post_subtitle":"","_jetpack_memberships_contains_paid_content":false,"footnotes":"","jetpack_publicize_message":"","jetpack_publicize_feature_enabled":true,"jetpack_social_post_already_shared":false,"jetpack_social_options":{"image_generator_settings":{"template":"highway","default_image_id":0,"font":"","enabled":false},"version":2}},"categories":[319,315,808,318,321],"tags":[],"class_list":["post-3495","post","type-post","status-publish","format-standard","hentry","category-business-2","category-espanol","category-innover-2","category-medias-2","category-redes-sociales","entry"],"yoast_head":"<!-- This site is optimized with the Yoast SEO plugin v27.5 - https:\/\/yoast.com\/product\/yoast-seo-wordpress\/ -->\n<title>Enlaces - Francis Pisani<\/title>\n<meta name=\"robots\" content=\"index, follow, max-snippet:-1, max-image-preview:large, max-video-preview:-1\" \/>\n<link rel=\"canonical\" href=\"https:\/\/www.francispisani.net\/es\/enlaces-9\/\" \/>\n<meta property=\"og:locale\" content=\"es_ES\" \/>\n<meta property=\"og:type\" content=\"article\" \/>\n<meta property=\"og:title\" content=\"Enlaces - Francis Pisani\" \/>\n<meta property=\"og:description\" content=\"\u00bfDestino manifiesto? Que la crowd se vuelva la empresa He le\u00eddo algo similar en un lindo libro escrito por AGR y JF \ud83d\ude09 pero se\u00f1alo la nota por su refrescante sentido de la provocaci\u00f3n. De la misma manera que Zuckerberg invita a proveer herramientas a las comunidades Jeremiah Owyang (conocido consultor del grupo Altimeter) invita [&hellip;]\" \/>\n<meta property=\"og:url\" content=\"https:\/\/www.francispisani.net\/es\/enlaces-9\/\" \/>\n<meta property=\"og:site_name\" content=\"FRANCIS PISANI\" \/>\n<meta property=\"article:publisher\" content=\"https:\/\/www.facebook.com\/francis.pisani\" \/>\n<meta property=\"article:author\" content=\"https:\/\/www.facebook.com\/francis.pisani\" \/>\n<meta property=\"article:published_time\" content=\"2013-06-30T07:00:00+00:00\" \/>\n<meta name=\"author\" content=\"Francis Pisani\" \/>\n<meta name=\"twitter:card\" content=\"summary_large_image\" \/>\n<meta name=\"twitter:creator\" content=\"@francispisani\" \/>\n<meta name=\"twitter:site\" content=\"@francispisani\" \/>\n<meta name=\"twitter:label1\" content=\"Escrito por\" \/>\n\t<meta name=\"twitter:data1\" content=\"Francis Pisani\" \/>\n\t<meta name=\"twitter:label2\" content=\"Tiempo de lectura\" \/>\n\t<meta name=\"twitter:data2\" content=\"3 minutos\" \/>\n<script type=\"application\/ld+json\" class=\"yoast-schema-graph\">{\"@context\":\"https:\\\/\\\/schema.org\",\"@graph\":[{\"@type\":\"Article\",\"@id\":\"https:\\\/\\\/www.francispisani.net\\\/es\\\/enlaces-9\\\/#article\",\"isPartOf\":{\"@id\":\"https:\\\/\\\/www.francispisani.net\\\/es\\\/enlaces-9\\\/\"},\"author\":{\"name\":\"Francis Pisani\",\"@id\":\"https:\\\/\\\/www.francispisani.net\\\/es\\\/#\\\/schema\\\/person\\\/23840424e18a129b90f71aba0809a74d\"},\"headline\":\"Enlaces &#8211; Francis Pisani\",\"datePublished\":\"2013-06-30T07:00:00+00:00\",\"mainEntityOfPage\":{\"@id\":\"https:\\\/\\\/www.francispisani.net\\\/es\\\/enlaces-9\\\/\"},\"wordCount\":640,\"commentCount\":0,\"publisher\":{\"@id\":\"https:\\\/\\\/www.francispisani.net\\\/es\\\/#\\\/schema\\\/person\\\/23840424e18a129b90f71aba0809a74d\"},\"articleSection\":[\"business\",\"espa\u00f1ol\",\"innover\",\"m\u00e9dias\",\"Redes Sociales\"],\"inLanguage\":\"es\"},{\"@type\":\"WebPage\",\"@id\":\"https:\\\/\\\/www.francispisani.net\\\/es\\\/enlaces-9\\\/\",\"url\":\"https:\\\/\\\/www.francispisani.net\\\/es\\\/enlaces-9\\\/\",\"name\":\"Enlaces - Francis Pisani\",\"isPartOf\":{\"@id\":\"https:\\\/\\\/www.francispisani.net\\\/es\\\/#website\"},\"datePublished\":\"2013-06-30T07:00:00+00:00\",\"breadcrumb\":{\"@id\":\"https:\\\/\\\/www.francispisani.net\\\/es\\\/enlaces-9\\\/#breadcrumb\"},\"inLanguage\":\"es\",\"potentialAction\":[{\"@type\":\"ReadAction\",\"target\":[\"https:\\\/\\\/www.francispisani.net\\\/es\\\/enlaces-9\\\/\"]}]},{\"@type\":\"BreadcrumbList\",\"@id\":\"https:\\\/\\\/www.francispisani.net\\\/es\\\/enlaces-9\\\/#breadcrumb\",\"itemListElement\":[{\"@type\":\"ListItem\",\"position\":1,\"name\":\"Home\",\"item\":\"https:\\\/\\\/www.francispisani.net\\\/es\\\/\"},{\"@type\":\"ListItem\",\"position\":2,\"name\":\"Enlaces &#8211; Francis Pisani\"}]},{\"@type\":\"WebSite\",\"@id\":\"https:\\\/\\\/www.francispisani.net\\\/es\\\/#website\",\"url\":\"https:\\\/\\\/www.francispisani.net\\\/es\\\/\",\"name\":\"FRANCIS PISANI\",\"description\":\"\",\"publisher\":{\"@id\":\"https:\\\/\\\/www.francispisani.net\\\/es\\\/#\\\/schema\\\/person\\\/23840424e18a129b90f71aba0809a74d\"},\"potentialAction\":[{\"@type\":\"SearchAction\",\"target\":{\"@type\":\"EntryPoint\",\"urlTemplate\":\"https:\\\/\\\/www.francispisani.net\\\/es\\\/?s={search_term_string}\"},\"query-input\":{\"@type\":\"PropertyValueSpecification\",\"valueRequired\":true,\"valueName\":\"search_term_string\"}}],\"inLanguage\":\"es\"},{\"@type\":[\"Person\",\"Organization\"],\"@id\":\"https:\\\/\\\/www.francispisani.net\\\/es\\\/#\\\/schema\\\/person\\\/23840424e18a129b90f71aba0809a74d\",\"name\":\"Francis Pisani\",\"image\":{\"@type\":\"ImageObject\",\"inLanguage\":\"es\",\"@id\":\"https:\\\/\\\/i2.wp.com\\\/www.francispisani.net\\\/wp-content\\\/uploads\\\/2020\\\/08\\\/francis-pisani-photo.jpeg?fit=200%2C200&ssl=1\",\"url\":\"https:\\\/\\\/i2.wp.com\\\/www.francispisani.net\\\/wp-content\\\/uploads\\\/2020\\\/08\\\/francis-pisani-photo.jpeg?fit=200%2C200&ssl=1\",\"contentUrl\":\"https:\\\/\\\/i2.wp.com\\\/www.francispisani.net\\\/wp-content\\\/uploads\\\/2020\\\/08\\\/francis-pisani-photo.jpeg?fit=200%2C200&ssl=1\",\"width\":200,\"height\":200,\"caption\":\"Francis Pisani\"},\"logo\":{\"@id\":\"https:\\\/\\\/i2.wp.com\\\/www.francispisani.net\\\/wp-content\\\/uploads\\\/2020\\\/08\\\/francis-pisani-photo.jpeg?fit=200%2C200&ssl=1\"},\"description\":\"J\u2019enqu\u00eate, je suis et j\u2019analyse les technologies de l\u2019information et de la communication depuis la pr\u00e9histoire (1994). Piqu\u00e9 par la curiosit\u00e9 et l\u2019envie de comprendre ce que je sentais important, je suis all\u00e9 m\u2019installer dans la r\u00e9gion de San Francisco (janvier 1996) o\u00f9 j\u2019ai pass\u00e9 quinze ans \u00e0 enqu\u00eater sur ce qui s\u2019y faisait : l\u2019\u00e9mergence, le boom, le bust et la reprise. Un cycle complet \u00e0 la suite de quoi j\u2019ai trouv\u00e9 que m\u00eame \u00e0 Silicon Valley on peut se r\u00e9p\u00e9ter. En fait j\u2019ai la bougeotte. De retour en Europe (2010), j\u2019ai lanc\u00e9 un tour du monde de l\u2019innovation, le projet Winch 5 -- 45 villes, 32 pays entre septembre 2011 et octobre 2012 - enti\u00e8rement consacr\u00e9 \u00e0 l'\u00e9tude des conditions \u00e9conomiques, financi\u00e8res, culturelles et sociales du d\u00e9veloppement de l'innovation. J\u2019en a rapport\u00e9 des enseignements sur les meilleures fa\u00e7ons de la rendre possible, de l'encourager, de pr\u00e9parer individus, entreprises et nations \u00e0 participer ainsi \u00e0 la construction de leur propre futur. Une aventure fascinante qui m\u2019a permis de rencontrer des gens audacieux, dot\u00e9s d\u2019une grande intelligence ou d\u2019un grand c\u0153ur. Parfois les deux ensembles. Je donne r\u00e9guli\u00e8rement conf\u00e9rences et s\u00e9minaires sur ce sujet dans certaines entreprises fran\u00e7aises de poids : Bouygues Telecom, CapGemini, L'Or\u00e9al, SFR, SNCF, entre autres ainsi que dans des forums moins prestigieux mais dans lesquels l\u2019assistance est passionn\u00e9e Convaincu que l\u2019am\u00e9lioration de nos villes et de la d\u00e9mocratie locale est un enjeu technologique et social majeur, je viens de me lancer dans une nouvelle s\u00e9rie d\u2019enqu\u00eates \u2013 un tour du monde en plusieurs \u00e9tapes nomm\u00e9 Participolis - sur les villes intelligentes ou qui s\u2019efforcent de l\u2019\u00eatre : 20 villes entre janvier 2014 et avril 2015. Je le con\u00e7ois comme une tension constante entre deux p\u00f4les d\u2019un m\u00eame probl\u00e8me : CitySmarting ou l\u2019effort pour rendre les villes plus intelligentes gr\u00e2ce, notamment aux technologies de l\u2019information et Participolis, le fait qu\u2019un meilleur futur pour nos villes ne peut \u00e9merger que de notre participation \u00e0 leur conception et \u00e0 leur gestion. Mes articles et chroniques ont \u00e9t\u00e9 publi\u00e9s par plus de 100 m\u00e9dias sur quatre continents dont Le Monde, El Pa\u00eds (Madrid), Reforma (Mexico), The Next Web (Amsterdam) et Folha de S\u00e3o Paulo (Br\u00e9sil). J'enseigne aussi \u00e0 la Paris School of International Affairs de l'Institut d'\u00c9tudes Politiques de Paris et \u00e0 la WebSchoolFactory. J\u2019ai donn\u00e9 des cours \u00e0 l'Universit\u00e9 de Berkeley et \u00e0 l'Universit\u00e9 de Stanford. Je participe en temps qu\u2019expert au r\u00e9seau Netexplo. J\u2019ai publi\u00e9 plusieurs livres dont Comment le web change le monde, l'alchimie des multitudes (Pearson) avec Dominique Piotet (2008 et 2011). Quand je ne suis pas en vadrouille autour du monde, je vis entre Paris, Barcelone et Mexico. Mais toujours je suis int\u00e9ress\u00e9 par vos commentaires, critiques et suggestions. Francispisani \u00e0 gmailvousconnaissezlasuite Google http:\\\/\\\/tinyurl.com\\\/francispisani Twitter: @francispisani A tout de suite\u2026\",\"sameAs\":[\"https:\\\/\\\/www.francispisani.net\\\/\",\"https:\\\/\\\/www.facebook.com\\\/francis.pisani\",\"https:\\\/\\\/www.linkedin.com\\\/in\\\/francispisani\",\"https:\\\/\\\/x.com\\\/francispisani\",\"https:\\\/\\\/fr.wikipedia.org\\\/wiki\\\/Francis_Pisani\"],\"url\":\"https:\\\/\\\/www.francispisani.net\\\/es\\\/author\\\/francis-pisani\\\/\"}]}<\/script>\n<!-- \/ Yoast SEO plugin. -->","yoast_head_json":{"title":"Enlaces - Francis Pisani","robots":{"index":"index","follow":"follow","max-snippet":"max-snippet:-1","max-image-preview":"max-image-preview:large","max-video-preview":"max-video-preview:-1"},"canonical":"https:\/\/www.francispisani.net\/es\/enlaces-9\/","og_locale":"es_ES","og_type":"article","og_title":"Enlaces - Francis Pisani","og_description":"\u00bfDestino manifiesto? Que la crowd se vuelva la empresa He le\u00eddo algo similar en un lindo libro escrito por AGR y JF \ud83d\ude09 pero se\u00f1alo la nota por su refrescante sentido de la provocaci\u00f3n. De la misma manera que Zuckerberg invita a proveer herramientas a las comunidades Jeremiah Owyang (conocido consultor del grupo Altimeter) invita [&hellip;]","og_url":"https:\/\/www.francispisani.net\/es\/enlaces-9\/","og_site_name":"FRANCIS PISANI","article_publisher":"https:\/\/www.facebook.com\/francis.pisani","article_author":"https:\/\/www.facebook.com\/francis.pisani","article_published_time":"2013-06-30T07:00:00+00:00","author":"Francis Pisani","twitter_card":"summary_large_image","twitter_creator":"@francispisani","twitter_site":"@francispisani","twitter_misc":{"Escrito por":"Francis Pisani","Tiempo de lectura":"3 minutos"},"schema":{"@context":"https:\/\/schema.org","@graph":[{"@type":"Article","@id":"https:\/\/www.francispisani.net\/es\/enlaces-9\/#article","isPartOf":{"@id":"https:\/\/www.francispisani.net\/es\/enlaces-9\/"},"author":{"name":"Francis Pisani","@id":"https:\/\/www.francispisani.net\/es\/#\/schema\/person\/23840424e18a129b90f71aba0809a74d"},"headline":"Enlaces &#8211; Francis Pisani","datePublished":"2013-06-30T07:00:00+00:00","mainEntityOfPage":{"@id":"https:\/\/www.francispisani.net\/es\/enlaces-9\/"},"wordCount":640,"commentCount":0,"publisher":{"@id":"https:\/\/www.francispisani.net\/es\/#\/schema\/person\/23840424e18a129b90f71aba0809a74d"},"articleSection":["business","espa\u00f1ol","innover","m\u00e9dias","Redes Sociales"],"inLanguage":"es"},{"@type":"WebPage","@id":"https:\/\/www.francispisani.net\/es\/enlaces-9\/","url":"https:\/\/www.francispisani.net\/es\/enlaces-9\/","name":"Enlaces - Francis Pisani","isPartOf":{"@id":"https:\/\/www.francispisani.net\/es\/#website"},"datePublished":"2013-06-30T07:00:00+00:00","breadcrumb":{"@id":"https:\/\/www.francispisani.net\/es\/enlaces-9\/#breadcrumb"},"inLanguage":"es","potentialAction":[{"@type":"ReadAction","target":["https:\/\/www.francispisani.net\/es\/enlaces-9\/"]}]},{"@type":"BreadcrumbList","@id":"https:\/\/www.francispisani.net\/es\/enlaces-9\/#breadcrumb","itemListElement":[{"@type":"ListItem","position":1,"name":"Home","item":"https:\/\/www.francispisani.net\/es\/"},{"@type":"ListItem","position":2,"name":"Enlaces &#8211; Francis Pisani"}]},{"@type":"WebSite","@id":"https:\/\/www.francispisani.net\/es\/#website","url":"https:\/\/www.francispisani.net\/es\/","name":"FRANCIS PISANI","description":"","publisher":{"@id":"https:\/\/www.francispisani.net\/es\/#\/schema\/person\/23840424e18a129b90f71aba0809a74d"},"potentialAction":[{"@type":"SearchAction","target":{"@type":"EntryPoint","urlTemplate":"https:\/\/www.francispisani.net\/es\/?s={search_term_string}"},"query-input":{"@type":"PropertyValueSpecification","valueRequired":true,"valueName":"search_term_string"}}],"inLanguage":"es"},{"@type":["Person","Organization"],"@id":"https:\/\/www.francispisani.net\/es\/#\/schema\/person\/23840424e18a129b90f71aba0809a74d","name":"Francis Pisani","image":{"@type":"ImageObject","inLanguage":"es","@id":"https:\/\/i2.wp.com\/www.francispisani.net\/wp-content\/uploads\/2020\/08\/francis-pisani-photo.jpeg?fit=200%2C200&ssl=1","url":"https:\/\/i2.wp.com\/www.francispisani.net\/wp-content\/uploads\/2020\/08\/francis-pisani-photo.jpeg?fit=200%2C200&ssl=1","contentUrl":"https:\/\/i2.wp.com\/www.francispisani.net\/wp-content\/uploads\/2020\/08\/francis-pisani-photo.jpeg?fit=200%2C200&ssl=1","width":200,"height":200,"caption":"Francis Pisani"},"logo":{"@id":"https:\/\/i2.wp.com\/www.francispisani.net\/wp-content\/uploads\/2020\/08\/francis-pisani-photo.jpeg?fit=200%2C200&ssl=1"},"description":"J\u2019enqu\u00eate, je suis et j\u2019analyse les technologies de l\u2019information et de la communication depuis la pr\u00e9histoire (1994). Piqu\u00e9 par la curiosit\u00e9 et l\u2019envie de comprendre ce que je sentais important, je suis all\u00e9 m\u2019installer dans la r\u00e9gion de San Francisco (janvier 1996) o\u00f9 j\u2019ai pass\u00e9 quinze ans \u00e0 enqu\u00eater sur ce qui s\u2019y faisait : l\u2019\u00e9mergence, le boom, le bust et la reprise. Un cycle complet \u00e0 la suite de quoi j\u2019ai trouv\u00e9 que m\u00eame \u00e0 Silicon Valley on peut se r\u00e9p\u00e9ter. En fait j\u2019ai la bougeotte. De retour en Europe (2010), j\u2019ai lanc\u00e9 un tour du monde de l\u2019innovation, le projet Winch 5 -- 45 villes, 32 pays entre septembre 2011 et octobre 2012 - enti\u00e8rement consacr\u00e9 \u00e0 l'\u00e9tude des conditions \u00e9conomiques, financi\u00e8res, culturelles et sociales du d\u00e9veloppement de l'innovation. J\u2019en a rapport\u00e9 des enseignements sur les meilleures fa\u00e7ons de la rendre possible, de l'encourager, de pr\u00e9parer individus, entreprises et nations \u00e0 participer ainsi \u00e0 la construction de leur propre futur. Une aventure fascinante qui m\u2019a permis de rencontrer des gens audacieux, dot\u00e9s d\u2019une grande intelligence ou d\u2019un grand c\u0153ur. Parfois les deux ensembles. Je donne r\u00e9guli\u00e8rement conf\u00e9rences et s\u00e9minaires sur ce sujet dans certaines entreprises fran\u00e7aises de poids : Bouygues Telecom, CapGemini, L'Or\u00e9al, SFR, SNCF, entre autres ainsi que dans des forums moins prestigieux mais dans lesquels l\u2019assistance est passionn\u00e9e Convaincu que l\u2019am\u00e9lioration de nos villes et de la d\u00e9mocratie locale est un enjeu technologique et social majeur, je viens de me lancer dans une nouvelle s\u00e9rie d\u2019enqu\u00eates \u2013 un tour du monde en plusieurs \u00e9tapes nomm\u00e9 Participolis - sur les villes intelligentes ou qui s\u2019efforcent de l\u2019\u00eatre : 20 villes entre janvier 2014 et avril 2015. Je le con\u00e7ois comme une tension constante entre deux p\u00f4les d\u2019un m\u00eame probl\u00e8me : CitySmarting ou l\u2019effort pour rendre les villes plus intelligentes gr\u00e2ce, notamment aux technologies de l\u2019information et Participolis, le fait qu\u2019un meilleur futur pour nos villes ne peut \u00e9merger que de notre participation \u00e0 leur conception et \u00e0 leur gestion. Mes articles et chroniques ont \u00e9t\u00e9 publi\u00e9s par plus de 100 m\u00e9dias sur quatre continents dont Le Monde, El Pa\u00eds (Madrid), Reforma (Mexico), The Next Web (Amsterdam) et Folha de S\u00e3o Paulo (Br\u00e9sil). J'enseigne aussi \u00e0 la Paris School of International Affairs de l'Institut d'\u00c9tudes Politiques de Paris et \u00e0 la WebSchoolFactory. J\u2019ai donn\u00e9 des cours \u00e0 l'Universit\u00e9 de Berkeley et \u00e0 l'Universit\u00e9 de Stanford. Je participe en temps qu\u2019expert au r\u00e9seau Netexplo. J\u2019ai publi\u00e9 plusieurs livres dont Comment le web change le monde, l'alchimie des multitudes (Pearson) avec Dominique Piotet (2008 et 2011). Quand je ne suis pas en vadrouille autour du monde, je vis entre Paris, Barcelone et Mexico. Mais toujours je suis int\u00e9ress\u00e9 par vos commentaires, critiques et suggestions. Francispisani \u00e0 gmailvousconnaissezlasuite Google http:\/\/tinyurl.com\/francispisani Twitter: @francispisani A tout de suite\u2026","sameAs":["https:\/\/www.francispisani.net\/","https:\/\/www.facebook.com\/francis.pisani","https:\/\/www.linkedin.com\/in\/francispisani","https:\/\/x.com\/francispisani","https:\/\/fr.wikipedia.org\/wiki\/Francis_Pisani"],"url":"https:\/\/www.francispisani.net\/es\/author\/francis-pisani\/"}]}},"jetpack_publicize_connections":[],"jetpack_featured_media_url":"","jetpack-related-posts":[{"id":3364,"url":"https:\/\/www.francispisani.net\/es\/enlaces\/","url_meta":{"origin":3495,"position":0},"title":"Enlaces &#8211; Francis Pisani","author":"Francis Pisani","date":"11 de enero de 2013","format":false,"excerpt":"Esta semana propongo tres enlaces correspondientes a tendencias relevantes.Los robots, el trabajo y un mundo m\u00e1s equitativoPueden no parecerse a lo que imagin\u00e1bamos pero los robots ya participan de nuestras vidas explica el Boston Globe. Siri funciona como mayordomo de Starwars y los drones utilizados en las guerras de hoy\u2026","rel":"","context":"En \u00abespa\u00f1ol\u00bb","block_context":{"text":"espa\u00f1ol","link":"https:\/\/www.francispisani.net\/es\/espanol\/"},"img":{"alt_text":"","src":"","width":0,"height":0},"classes":[]},{"id":2327,"url":"https:\/\/www.francispisani.net\/es\/rpido_o_a_profu\/","url_meta":{"origin":3495,"position":1},"title":"R\u00e1pido o a profundidad: dos sitios para manejar la informaci\u00f3n &#8211; Francis Pisani","author":"Francis Pisani","date":"11 de mayo de 2006","format":false,"excerpt":"Manejarbien la informaci\u00f3n que nos rodea implica poder acceder r\u00e1pido a la que nosinteresa, eliminar la que nos sobrecargar\u00eda o profundizar la que nos importa.En la l\u00ednea de Web 2.0, encontramos en la red herramientas gratis y sencillasque nos ayudan a resolver este problema. Con NetVibes podemos acceder r\u00e1pidamentea informaciones\u2026","rel":"","context":"En \u00abespa\u00f1ol\u00bb","block_context":{"text":"espa\u00f1ol","link":"https:\/\/www.francispisani.net\/es\/espanol\/"},"img":{"alt_text":"","src":"","width":0,"height":0},"classes":[]},{"id":4510,"url":"https:\/\/www.francispisani.net\/es\/wikipedia_una_e\/","url_meta":{"origin":3495,"position":2},"title":"Wikipedia, una enciclopedia escrita por los internautas &#8211; Francis Pisani","author":"Francis Pisani","date":"7 de enero de 2004","format":false,"excerpt":"Una de las aventuras m\u00e1s sorprendentes de la red es probablemente la tentativa de escribir una enciclopedia a la redacci\u00f3n de la cual cualquier internauta puede participar a su antojo. Basada en la tecnolog\u00eda de los Wikis de la cual hemos hablado hace poco (ver Reforma del 15 de diciembre)\u2026","rel":"","context":"En \u00abespa\u00f1ol\u00bb","block_context":{"text":"espa\u00f1ol","link":"https:\/\/www.francispisani.net\/es\/espanol\/"},"img":{"alt_text":"","src":"","width":0,"height":0},"classes":[]},{"id":4516,"url":"https:\/\/www.francispisani.net\/es\/kartoo_bsqueda_\/","url_meta":{"origin":3495,"position":3},"title":"KartOO: b\u00fasqueda anal\u00edtica y sensible &#8211; Francis Pisani","author":"Francis Pisani","date":"21 de enero de 2004","format":false,"excerpt":"Los esfuerzos m\u00e1s comunes para facilitar la b\u00fasqueda de informaci\u00f3n proponen dos tipos de soluci\u00f3n. La primera clasifica los resultados en categor\u00edas que permiten al usuario seleccionar r\u00e1pidamente la que le interesa (por ejemplo las respuestas al pedido \"\u00e1ntrax\" propone, entre otras, \"grupo de rock\" y \"bioterrorismo\"). La segunda propone\u2026","rel":"","context":"En \u00abespa\u00f1ol\u00bb","block_context":{"text":"espa\u00f1ol","link":"https:\/\/www.francispisani.net\/es\/espanol\/"},"img":{"alt_text":"","src":"","width":0,"height":0},"classes":[]},{"id":3963,"url":"https:\/\/www.francispisani.net\/es\/ver_para_escoge\/","url_meta":{"origin":3495,"position":4},"title":"Ver para escoger &#8211; Francis Pisani","author":"Francis Pisani","date":"19 de noviembre de 2002","format":false,"excerpt":"Por muy fascinante que sea, la revoluci\u00f3n digital parece haber contribuido m\u00e1s a multiplicar los documentos que a inventar instrumentos que nos ayuden a sobreaguar en el mar de informaci\u00f3n que nos invade. Frente a tanta abundancia y confusi\u00f3n, las ayudas visuales pueden ser supremamente \u00fatiles ya sea que se\u2026","rel":"","context":"En \u00abespa\u00f1ol\u00bb","block_context":{"text":"espa\u00f1ol","link":"https:\/\/www.francispisani.net\/es\/espanol\/"},"img":{"alt_text":"","src":"","width":0,"height":0},"classes":[]},{"id":4941,"url":"https:\/\/www.francispisani.net\/es\/existe_la_frac\/","url_meta":{"origin":3495,"position":5},"title":"\u00bfExiste la \u00abfractura digital\u00bb? &#8211; Francis Pisani","author":"Francis Pisani","date":"23 de noviembre de 2004","format":false,"excerpt":"El Museo de Tecnolog\u00eda de San Jos\u00e9, la capital de Silicon Valley entreg\u00f3 el 12 de noviembre cinco premios a \"educadores y emprendedores sociales que usan la tecnolog\u00eda en beneficio de la humanidad\". Invitan as\u00ed a reflexionar sobre el impacto de las tecnolog\u00edas de la informaci\u00f3n y la comunicaci\u00f3n sobre\u2026","rel":"","context":"En \u00abbusiness\u00bb","block_context":{"text":"business","link":"https:\/\/www.francispisani.net\/es\/business-2\/"},"img":{"alt_text":"","src":"","width":0,"height":0},"classes":[]}],"jetpack_sharing_enabled":true,"jetpack_likes_enabled":true,"amp_enabled":true,"_links":{"self":[{"href":"https:\/\/www.francispisani.net\/es\/wp-json\/wp\/v2\/posts\/3495","targetHints":{"allow":["GET"]}}],"collection":[{"href":"https:\/\/www.francispisani.net\/es\/wp-json\/wp\/v2\/posts"}],"about":[{"href":"https:\/\/www.francispisani.net\/es\/wp-json\/wp\/v2\/types\/post"}],"author":[{"embeddable":true,"href":"https:\/\/www.francispisani.net\/es\/wp-json\/wp\/v2\/users\/2"}],"replies":[{"embeddable":true,"href":"https:\/\/www.francispisani.net\/es\/wp-json\/wp\/v2\/comments?post=3495"}],"version-history":[{"count":0,"href":"https:\/\/www.francispisani.net\/es\/wp-json\/wp\/v2\/posts\/3495\/revisions"}],"wp:attachment":[{"href":"https:\/\/www.francispisani.net\/es\/wp-json\/wp\/v2\/media?parent=3495"}],"wp:term":[{"taxonomy":"category","embeddable":true,"href":"https:\/\/www.francispisani.net\/es\/wp-json\/wp\/v2\/categories?post=3495"},{"taxonomy":"post_tag","embeddable":true,"href":"https:\/\/www.francispisani.net\/es\/wp-json\/wp\/v2\/tags?post=3495"}],"curies":[{"name":"wp","href":"https:\/\/api.w.org\/{rel}","templated":true}]}}