{"id":3884,"date":"2014-04-20T09:00:00","date_gmt":"2014-04-20T07:00:00","guid":{"rendered":"https:\/\/fpisani.wpengine.com\/la-ciudad-de-mexico-apuesta-timidamente-al-talento-ciudadano\/"},"modified":"2014-04-20T09:00:00","modified_gmt":"2014-04-20T07:00:00","slug":"la-ciudad-de-mexico-apuesta-timidamente-al-talento-ciudadano","status":"publish","type":"post","link":"https:\/\/www.francispisani.net\/es\/la-ciudad-de-mexico-apuesta-timidamente-al-talento-ciudadano\/","title":{"rendered":"La ciudad de M\u00e9xico apuesta, t\u00edmidamente, al \u00abtalento ciudadano\u00bb &#8211; Francis Pisani"},"content":{"rendered":"<div class=\"ob-sections\">\n<div class=\"ob-section ob-section-text\">\n<div class=\"ob-text\">\n<p>A falta de una verdadera pol\u00edtica de \u00abciudad inteligente\u00bb, M\u00e9xico se ha provisto de un laboratorio para \u00abcrear una cultura de colaboraci\u00f3n entre la sociedad civil y el Gobierno del Distrito Federal (GDF)\u00bb, me dijo Gabriela G\u00f3mez-Mont, quien es la responsable.<\/p>\n<p>\u00abFuncionamos como un \u00abthink-tank\u00bb creativo que cuenta con amplias atribuciones transversales\u00bb, prosigui\u00f3 durante la entrevista que sostuvimos en sus instalaciones. Digamos que carece de presupuesto, pero puede trabajar directamente con las dependencias del GDF que as\u00ed lo deseen.<\/p>\n<p>De reciente aparici\u00f3n, el LabPLC (Lab para la ciudad, @LabPLC) fue creado en marzo de 2013 como un \u00abespacio experimental\u00bb para pensar y crear la ciudad del ma\u00f1ana \u00abgenerando di\u00e1logos y complicidades entre el GDF, la sociedad civil, el sector privado y las ONG\u00bb, detalla en <a href=\"http:\/\/www.labplc.mx\/\"> su sitio oficial<\/a>.<\/p>\n<p>Soberbia intenci\u00f3n, pero es a\u00fan demasiado pronto para poder medir los logros.<\/p>\n<p>Quedan los proyectos y las propuestas. El LabPLC tiene 7 que van desde la concepci\u00f3n del gobierno como plataforma, hasta el desarrollo de la \u00abresiliencia\u00bb (capacidad de reconstruirse despu\u00e9s de una cat\u00e1strofe), esencial en raz\u00f3n de los \u00abcaprichos geol\u00f3gicos\u00bb, es decir de los terremotos, me dijo G\u00f3mez-Mont.<\/p>\n<p>Sobre este \u00faltimo punto, por ejemplo, el Lab trabaja con <a href=\"http:\/\/www.ushahidi.com\/\">Ushahidi.com<\/a> (plataforma <em>crowdmapping<\/em> keniana) \u2013probada en Hait\u00ed y Fukushima, entre otros lugares\u2013 para generar los escenarios de intervenci\u00f3n de la sociedad civil tras una crisis severa. La idea consiste en establecer de manera provisional una infraestructura social que se apoye en sectores de la poblaci\u00f3n involucrados en labores comunitarias.<\/p>\n<p>Se parte del hecho de que \u00abla crisis es un enemigo com\u00fan\u00bb que contribuye al \u00abresurgimiento del espacio social\u00bb. Esto es lo que ocurri\u00f3 luego del terremoto de 1985, como pude constatarlo personalmente en aquella \u00e9poca. Pero la dificultad estriba, en este caso, en trabajar en ello anticipadamente, es decir, sin un enemigo com\u00fan de facto, sin una cat\u00e1strofe.<\/p>\n<p>De hecho el LabPLC concede muy poca importancia a las tecnolog\u00edas de la informaci\u00f3n y la comunicaci\u00f3n. \u00abHay que poner en jaque el t\u00e9rmino de <em>smart city<\/em>\u00ab, opina G\u00f3mez-Mont: \u00abutilizar las TIC sin ceder a la oferta de despliegue de una infraestructura masiva\u00bb.<\/p>\n<p>Coherente con su discurso, ella empez\u00f3 por crear un espacio de di\u00e1logo p\u00fablico en la terraza del LabPLC. Pero la tecnolog\u00eda no est\u00e1 del todo ausente puesto que la municipalidad est\u00e1 organizando un \u00abFestival de data\u00bb para la creaci\u00f3n de apps de procesamiento de datos suministrados por la pol\u00edtica de \u00abciudad abierta\u00bb de M\u00e9xico.<\/p>\n<p>El Lab hasta emplea desarrolladores en el marco del programa <a href=\"http:\/\/labplc.mx\/codigocdmx\/\">\u00abC\u00f3digo para la Ciudad de M\u00e9xico\u00bb<\/a>. Est\u00e1n encargados de perfeccionar las aplicaciones para las direcciones que lo soliciten, y ya produjeron una, por ejemplo, que permite ubicar las cl\u00ednicas adonde someterse a pruebas de detecci\u00f3n del VIH-SIDA.<\/p>\n<p>\u00abLos llamamos programadores ciudadanos\u00bb, me dijo Mario Ballesteros, responsable de comunicaci\u00f3n del laboratorio.<\/p>\n<p>Y la idea va m\u00e1s lejos. A la infraestructura en cables y servidores propuestos por las grandes empresas (IBM, Cisco y las otras), opone la noci\u00f3n de \u00ab<em>soft infrastructure<\/em>\u00bb formada por los talentos ciudadanos conectados. \u00abNo todo puede abordarse a un nivel macro. Los cambios a peque\u00f1a escala cuentan mucho en la manera como las cosas se mueven y pueden tener un impacto enorme al cabo de algunos a\u00f1os\u00bb.<\/p>\n<p>Depender, pues, del efecto mariposa para mover a la sociedad. \u00bfNo es ese el sue\u00f1o de todos los activistas que no luchan directamente por la toma del poder? En el debate sobre la transformaci\u00f3n de nuestras ciudades, la Ciudad de M\u00e9xico apuesta por la participaci\u00f3n ciudadana de cara a la instalaci\u00f3n de infraestructuras pesadas. Pero sin poner dinero. Esto podr\u00eda ser, a pesar de todo, una buena manera de atender el problema\u2026 bajo dos condiciones: no retrasarse mucho en la implementaci\u00f3n de herramientas inform\u00e1ticas clave, y crear una aut\u00e9ntica cultura y pr\u00e1ctica de la participaci\u00f3n, tanto en la sociedad como a nivel de gobierno.<\/p>\n<\/p><\/div>\n<\/div><\/div>\n","protected":false},"excerpt":{"rendered":"<p>A falta de una verdadera pol\u00edtica de \u00abciudad inteligente\u00bb, M\u00e9xico se ha provisto de un laboratorio para \u00abcrear una cultura de colaboraci\u00f3n entre la sociedad civil y el Gobierno del Distrito Federal (GDF)\u00bb, me dijo Gabriela G\u00f3mez-Mont, quien es la responsable. \u00abFuncionamos como un \u00abthink-tank\u00bb creativo que cuenta con amplias atribuciones transversales\u00bb, prosigui\u00f3 durante la [&hellip;]<\/p>\n","protected":false},"author":2,"featured_media":0,"comment_status":"open","ping_status":"open","sticky":false,"template":"","format":"standard","meta":{"_crdt_document":"","jetpack_post_was_ever_published":false,"_jetpack_newsletter_access":"","_jetpack_dont_email_post_to_subs":false,"_jetpack_newsletter_tier_id":0,"_jetpack_memberships_contains_paywalled_content":false,"newspack_featured_image_position":"","newspack_post_subtitle":"","_jetpack_memberships_contains_paid_content":false,"footnotes":"","jetpack_publicize_message":"","jetpack_publicize_feature_enabled":true,"jetpack_social_post_already_shared":false,"jetpack_social_options":{"image_generator_settings":{"template":"highway","default_image_id":0,"font":"","enabled":false},"version":2}},"categories":[1040,1069,315,1070,1577],"tags":[],"class_list":["post-3884","post","type-post","status-publish","format-standard","hentry","category-citynnovation","category-citynnovation-3","category-espanol","category-participolis-2","category-villes","entry"],"yoast_head":"<!-- This site is optimized with the Yoast SEO plugin v27.5 - https:\/\/yoast.com\/product\/yoast-seo-wordpress\/ -->\n<title>La ciudad de M\u00e9xico apuesta, t\u00edmidamente, al &quot;talento ciudadano&quot; - Francis Pisani<\/title>\n<meta name=\"robots\" content=\"index, follow, max-snippet:-1, max-image-preview:large, max-video-preview:-1\" \/>\n<link rel=\"canonical\" href=\"https:\/\/www.francispisani.net\/es\/la-ciudad-de-mexico-apuesta-timidamente-al-talento-ciudadano\/\" \/>\n<meta property=\"og:locale\" content=\"es_ES\" \/>\n<meta property=\"og:type\" content=\"article\" \/>\n<meta property=\"og:title\" content=\"La ciudad de M\u00e9xico apuesta, t\u00edmidamente, al &quot;talento ciudadano&quot; - Francis Pisani\" \/>\n<meta property=\"og:description\" content=\"A falta de una verdadera pol\u00edtica de \u00abciudad inteligente\u00bb, M\u00e9xico se ha provisto de un laboratorio para \u00abcrear una cultura de colaboraci\u00f3n entre la sociedad civil y el Gobierno del Distrito Federal (GDF)\u00bb, me dijo Gabriela G\u00f3mez-Mont, quien es la responsable. \u00abFuncionamos como un \u00abthink-tank\u00bb creativo que cuenta con amplias atribuciones transversales\u00bb, prosigui\u00f3 durante la [&hellip;]\" \/>\n<meta property=\"og:url\" content=\"https:\/\/www.francispisani.net\/es\/la-ciudad-de-mexico-apuesta-timidamente-al-talento-ciudadano\/\" \/>\n<meta property=\"og:site_name\" content=\"FRANCIS PISANI\" \/>\n<meta property=\"article:publisher\" content=\"https:\/\/www.facebook.com\/francis.pisani\" \/>\n<meta property=\"article:author\" content=\"https:\/\/www.facebook.com\/francis.pisani\" \/>\n<meta property=\"article:published_time\" content=\"2014-04-20T07:00:00+00:00\" \/>\n<meta name=\"author\" content=\"Francis Pisani\" \/>\n<meta name=\"twitter:card\" content=\"summary_large_image\" \/>\n<meta name=\"twitter:creator\" content=\"@francispisani\" \/>\n<meta name=\"twitter:site\" content=\"@francispisani\" \/>\n<meta name=\"twitter:label1\" content=\"Escrito por\" \/>\n\t<meta name=\"twitter:data1\" content=\"Francis Pisani\" \/>\n\t<meta name=\"twitter:label2\" content=\"Tiempo de lectura\" \/>\n\t<meta name=\"twitter:data2\" content=\"3 minutos\" \/>\n<script type=\"application\/ld+json\" class=\"yoast-schema-graph\">{\"@context\":\"https:\\\/\\\/schema.org\",\"@graph\":[{\"@type\":\"Article\",\"@id\":\"https:\\\/\\\/www.francispisani.net\\\/es\\\/la-ciudad-de-mexico-apuesta-timidamente-al-talento-ciudadano\\\/#article\",\"isPartOf\":{\"@id\":\"https:\\\/\\\/www.francispisani.net\\\/es\\\/la-ciudad-de-mexico-apuesta-timidamente-al-talento-ciudadano\\\/\"},\"author\":{\"name\":\"Francis Pisani\",\"@id\":\"https:\\\/\\\/www.francispisani.net\\\/es\\\/#\\\/schema\\\/person\\\/23840424e18a129b90f71aba0809a74d\"},\"headline\":\"La ciudad de M\u00e9xico apuesta, t\u00edmidamente, al \u00abtalento ciudadano\u00bb &#8211; Francis Pisani\",\"datePublished\":\"2014-04-20T07:00:00+00:00\",\"mainEntityOfPage\":{\"@id\":\"https:\\\/\\\/www.francispisani.net\\\/es\\\/la-ciudad-de-mexico-apuesta-timidamente-al-talento-ciudadano\\\/\"},\"wordCount\":699,\"commentCount\":0,\"publisher\":{\"@id\":\"https:\\\/\\\/www.francispisani.net\\\/es\\\/#\\\/schema\\\/person\\\/23840424e18a129b90f71aba0809a74d\"},\"articleSection\":[\"Citynnovation\",\"citynnovation\",\"espa\u00f1ol\",\"participolis\",\"Villes\"],\"inLanguage\":\"es\"},{\"@type\":\"WebPage\",\"@id\":\"https:\\\/\\\/www.francispisani.net\\\/es\\\/la-ciudad-de-mexico-apuesta-timidamente-al-talento-ciudadano\\\/\",\"url\":\"https:\\\/\\\/www.francispisani.net\\\/es\\\/la-ciudad-de-mexico-apuesta-timidamente-al-talento-ciudadano\\\/\",\"name\":\"La ciudad de M\u00e9xico apuesta, t\u00edmidamente, al \\\"talento ciudadano\\\" - Francis Pisani\",\"isPartOf\":{\"@id\":\"https:\\\/\\\/www.francispisani.net\\\/es\\\/#website\"},\"datePublished\":\"2014-04-20T07:00:00+00:00\",\"breadcrumb\":{\"@id\":\"https:\\\/\\\/www.francispisani.net\\\/es\\\/la-ciudad-de-mexico-apuesta-timidamente-al-talento-ciudadano\\\/#breadcrumb\"},\"inLanguage\":\"es\",\"potentialAction\":[{\"@type\":\"ReadAction\",\"target\":[\"https:\\\/\\\/www.francispisani.net\\\/es\\\/la-ciudad-de-mexico-apuesta-timidamente-al-talento-ciudadano\\\/\"]}]},{\"@type\":\"BreadcrumbList\",\"@id\":\"https:\\\/\\\/www.francispisani.net\\\/es\\\/la-ciudad-de-mexico-apuesta-timidamente-al-talento-ciudadano\\\/#breadcrumb\",\"itemListElement\":[{\"@type\":\"ListItem\",\"position\":1,\"name\":\"Home\",\"item\":\"https:\\\/\\\/www.francispisani.net\\\/es\\\/\"},{\"@type\":\"ListItem\",\"position\":2,\"name\":\"La ciudad de M\u00e9xico apuesta, t\u00edmidamente, al \u00abtalento ciudadano\u00bb &#8211; Francis Pisani\"}]},{\"@type\":\"WebSite\",\"@id\":\"https:\\\/\\\/www.francispisani.net\\\/es\\\/#website\",\"url\":\"https:\\\/\\\/www.francispisani.net\\\/es\\\/\",\"name\":\"FRANCIS PISANI\",\"description\":\"\",\"publisher\":{\"@id\":\"https:\\\/\\\/www.francispisani.net\\\/es\\\/#\\\/schema\\\/person\\\/23840424e18a129b90f71aba0809a74d\"},\"potentialAction\":[{\"@type\":\"SearchAction\",\"target\":{\"@type\":\"EntryPoint\",\"urlTemplate\":\"https:\\\/\\\/www.francispisani.net\\\/es\\\/?s={search_term_string}\"},\"query-input\":{\"@type\":\"PropertyValueSpecification\",\"valueRequired\":true,\"valueName\":\"search_term_string\"}}],\"inLanguage\":\"es\"},{\"@type\":[\"Person\",\"Organization\"],\"@id\":\"https:\\\/\\\/www.francispisani.net\\\/es\\\/#\\\/schema\\\/person\\\/23840424e18a129b90f71aba0809a74d\",\"name\":\"Francis Pisani\",\"image\":{\"@type\":\"ImageObject\",\"inLanguage\":\"es\",\"@id\":\"https:\\\/\\\/i2.wp.com\\\/www.francispisani.net\\\/wp-content\\\/uploads\\\/2020\\\/08\\\/francis-pisani-photo.jpeg?fit=200%2C200&ssl=1\",\"url\":\"https:\\\/\\\/i2.wp.com\\\/www.francispisani.net\\\/wp-content\\\/uploads\\\/2020\\\/08\\\/francis-pisani-photo.jpeg?fit=200%2C200&ssl=1\",\"contentUrl\":\"https:\\\/\\\/i2.wp.com\\\/www.francispisani.net\\\/wp-content\\\/uploads\\\/2020\\\/08\\\/francis-pisani-photo.jpeg?fit=200%2C200&ssl=1\",\"width\":200,\"height\":200,\"caption\":\"Francis Pisani\"},\"logo\":{\"@id\":\"https:\\\/\\\/i2.wp.com\\\/www.francispisani.net\\\/wp-content\\\/uploads\\\/2020\\\/08\\\/francis-pisani-photo.jpeg?fit=200%2C200&ssl=1\"},\"description\":\"J\u2019enqu\u00eate, je suis et j\u2019analyse les technologies de l\u2019information et de la communication depuis la pr\u00e9histoire (1994). Piqu\u00e9 par la curiosit\u00e9 et l\u2019envie de comprendre ce que je sentais important, je suis all\u00e9 m\u2019installer dans la r\u00e9gion de San Francisco (janvier 1996) o\u00f9 j\u2019ai pass\u00e9 quinze ans \u00e0 enqu\u00eater sur ce qui s\u2019y faisait : l\u2019\u00e9mergence, le boom, le bust et la reprise. Un cycle complet \u00e0 la suite de quoi j\u2019ai trouv\u00e9 que m\u00eame \u00e0 Silicon Valley on peut se r\u00e9p\u00e9ter. En fait j\u2019ai la bougeotte. De retour en Europe (2010), j\u2019ai lanc\u00e9 un tour du monde de l\u2019innovation, le projet Winch 5 -- 45 villes, 32 pays entre septembre 2011 et octobre 2012 - enti\u00e8rement consacr\u00e9 \u00e0 l'\u00e9tude des conditions \u00e9conomiques, financi\u00e8res, culturelles et sociales du d\u00e9veloppement de l'innovation. J\u2019en a rapport\u00e9 des enseignements sur les meilleures fa\u00e7ons de la rendre possible, de l'encourager, de pr\u00e9parer individus, entreprises et nations \u00e0 participer ainsi \u00e0 la construction de leur propre futur. Une aventure fascinante qui m\u2019a permis de rencontrer des gens audacieux, dot\u00e9s d\u2019une grande intelligence ou d\u2019un grand c\u0153ur. Parfois les deux ensembles. Je donne r\u00e9guli\u00e8rement conf\u00e9rences et s\u00e9minaires sur ce sujet dans certaines entreprises fran\u00e7aises de poids : Bouygues Telecom, CapGemini, L'Or\u00e9al, SFR, SNCF, entre autres ainsi que dans des forums moins prestigieux mais dans lesquels l\u2019assistance est passionn\u00e9e Convaincu que l\u2019am\u00e9lioration de nos villes et de la d\u00e9mocratie locale est un enjeu technologique et social majeur, je viens de me lancer dans une nouvelle s\u00e9rie d\u2019enqu\u00eates \u2013 un tour du monde en plusieurs \u00e9tapes nomm\u00e9 Participolis - sur les villes intelligentes ou qui s\u2019efforcent de l\u2019\u00eatre : 20 villes entre janvier 2014 et avril 2015. Je le con\u00e7ois comme une tension constante entre deux p\u00f4les d\u2019un m\u00eame probl\u00e8me : CitySmarting ou l\u2019effort pour rendre les villes plus intelligentes gr\u00e2ce, notamment aux technologies de l\u2019information et Participolis, le fait qu\u2019un meilleur futur pour nos villes ne peut \u00e9merger que de notre participation \u00e0 leur conception et \u00e0 leur gestion. Mes articles et chroniques ont \u00e9t\u00e9 publi\u00e9s par plus de 100 m\u00e9dias sur quatre continents dont Le Monde, El Pa\u00eds (Madrid), Reforma (Mexico), The Next Web (Amsterdam) et Folha de S\u00e3o Paulo (Br\u00e9sil). J'enseigne aussi \u00e0 la Paris School of International Affairs de l'Institut d'\u00c9tudes Politiques de Paris et \u00e0 la WebSchoolFactory. J\u2019ai donn\u00e9 des cours \u00e0 l'Universit\u00e9 de Berkeley et \u00e0 l'Universit\u00e9 de Stanford. Je participe en temps qu\u2019expert au r\u00e9seau Netexplo. J\u2019ai publi\u00e9 plusieurs livres dont Comment le web change le monde, l'alchimie des multitudes (Pearson) avec Dominique Piotet (2008 et 2011). Quand je ne suis pas en vadrouille autour du monde, je vis entre Paris, Barcelone et Mexico. Mais toujours je suis int\u00e9ress\u00e9 par vos commentaires, critiques et suggestions. Francispisani \u00e0 gmailvousconnaissezlasuite Google http:\\\/\\\/tinyurl.com\\\/francispisani Twitter: @francispisani A tout de suite\u2026\",\"sameAs\":[\"https:\\\/\\\/www.francispisani.net\\\/\",\"https:\\\/\\\/www.facebook.com\\\/francis.pisani\",\"https:\\\/\\\/www.linkedin.com\\\/in\\\/francispisani\",\"https:\\\/\\\/x.com\\\/francispisani\",\"https:\\\/\\\/fr.wikipedia.org\\\/wiki\\\/Francis_Pisani\"],\"url\":\"https:\\\/\\\/www.francispisani.net\\\/es\\\/author\\\/francis-pisani\\\/\"}]}<\/script>\n<!-- \/ Yoast SEO plugin. -->","yoast_head_json":{"title":"La ciudad de M\u00e9xico apuesta, t\u00edmidamente, al \"talento ciudadano\" - Francis Pisani","robots":{"index":"index","follow":"follow","max-snippet":"max-snippet:-1","max-image-preview":"max-image-preview:large","max-video-preview":"max-video-preview:-1"},"canonical":"https:\/\/www.francispisani.net\/es\/la-ciudad-de-mexico-apuesta-timidamente-al-talento-ciudadano\/","og_locale":"es_ES","og_type":"article","og_title":"La ciudad de M\u00e9xico apuesta, t\u00edmidamente, al \"talento ciudadano\" - Francis Pisani","og_description":"A falta de una verdadera pol\u00edtica de \u00abciudad inteligente\u00bb, M\u00e9xico se ha provisto de un laboratorio para \u00abcrear una cultura de colaboraci\u00f3n entre la sociedad civil y el Gobierno del Distrito Federal (GDF)\u00bb, me dijo Gabriela G\u00f3mez-Mont, quien es la responsable. \u00abFuncionamos como un \u00abthink-tank\u00bb creativo que cuenta con amplias atribuciones transversales\u00bb, prosigui\u00f3 durante la [&hellip;]","og_url":"https:\/\/www.francispisani.net\/es\/la-ciudad-de-mexico-apuesta-timidamente-al-talento-ciudadano\/","og_site_name":"FRANCIS PISANI","article_publisher":"https:\/\/www.facebook.com\/francis.pisani","article_author":"https:\/\/www.facebook.com\/francis.pisani","article_published_time":"2014-04-20T07:00:00+00:00","author":"Francis Pisani","twitter_card":"summary_large_image","twitter_creator":"@francispisani","twitter_site":"@francispisani","twitter_misc":{"Escrito por":"Francis Pisani","Tiempo de lectura":"3 minutos"},"schema":{"@context":"https:\/\/schema.org","@graph":[{"@type":"Article","@id":"https:\/\/www.francispisani.net\/es\/la-ciudad-de-mexico-apuesta-timidamente-al-talento-ciudadano\/#article","isPartOf":{"@id":"https:\/\/www.francispisani.net\/es\/la-ciudad-de-mexico-apuesta-timidamente-al-talento-ciudadano\/"},"author":{"name":"Francis Pisani","@id":"https:\/\/www.francispisani.net\/es\/#\/schema\/person\/23840424e18a129b90f71aba0809a74d"},"headline":"La ciudad de M\u00e9xico apuesta, t\u00edmidamente, al \u00abtalento ciudadano\u00bb &#8211; Francis Pisani","datePublished":"2014-04-20T07:00:00+00:00","mainEntityOfPage":{"@id":"https:\/\/www.francispisani.net\/es\/la-ciudad-de-mexico-apuesta-timidamente-al-talento-ciudadano\/"},"wordCount":699,"commentCount":0,"publisher":{"@id":"https:\/\/www.francispisani.net\/es\/#\/schema\/person\/23840424e18a129b90f71aba0809a74d"},"articleSection":["Citynnovation","citynnovation","espa\u00f1ol","participolis","Villes"],"inLanguage":"es"},{"@type":"WebPage","@id":"https:\/\/www.francispisani.net\/es\/la-ciudad-de-mexico-apuesta-timidamente-al-talento-ciudadano\/","url":"https:\/\/www.francispisani.net\/es\/la-ciudad-de-mexico-apuesta-timidamente-al-talento-ciudadano\/","name":"La ciudad de M\u00e9xico apuesta, t\u00edmidamente, al \"talento ciudadano\" - Francis Pisani","isPartOf":{"@id":"https:\/\/www.francispisani.net\/es\/#website"},"datePublished":"2014-04-20T07:00:00+00:00","breadcrumb":{"@id":"https:\/\/www.francispisani.net\/es\/la-ciudad-de-mexico-apuesta-timidamente-al-talento-ciudadano\/#breadcrumb"},"inLanguage":"es","potentialAction":[{"@type":"ReadAction","target":["https:\/\/www.francispisani.net\/es\/la-ciudad-de-mexico-apuesta-timidamente-al-talento-ciudadano\/"]}]},{"@type":"BreadcrumbList","@id":"https:\/\/www.francispisani.net\/es\/la-ciudad-de-mexico-apuesta-timidamente-al-talento-ciudadano\/#breadcrumb","itemListElement":[{"@type":"ListItem","position":1,"name":"Home","item":"https:\/\/www.francispisani.net\/es\/"},{"@type":"ListItem","position":2,"name":"La ciudad de M\u00e9xico apuesta, t\u00edmidamente, al \u00abtalento ciudadano\u00bb &#8211; Francis Pisani"}]},{"@type":"WebSite","@id":"https:\/\/www.francispisani.net\/es\/#website","url":"https:\/\/www.francispisani.net\/es\/","name":"FRANCIS PISANI","description":"","publisher":{"@id":"https:\/\/www.francispisani.net\/es\/#\/schema\/person\/23840424e18a129b90f71aba0809a74d"},"potentialAction":[{"@type":"SearchAction","target":{"@type":"EntryPoint","urlTemplate":"https:\/\/www.francispisani.net\/es\/?s={search_term_string}"},"query-input":{"@type":"PropertyValueSpecification","valueRequired":true,"valueName":"search_term_string"}}],"inLanguage":"es"},{"@type":["Person","Organization"],"@id":"https:\/\/www.francispisani.net\/es\/#\/schema\/person\/23840424e18a129b90f71aba0809a74d","name":"Francis Pisani","image":{"@type":"ImageObject","inLanguage":"es","@id":"https:\/\/i2.wp.com\/www.francispisani.net\/wp-content\/uploads\/2020\/08\/francis-pisani-photo.jpeg?fit=200%2C200&ssl=1","url":"https:\/\/i2.wp.com\/www.francispisani.net\/wp-content\/uploads\/2020\/08\/francis-pisani-photo.jpeg?fit=200%2C200&ssl=1","contentUrl":"https:\/\/i2.wp.com\/www.francispisani.net\/wp-content\/uploads\/2020\/08\/francis-pisani-photo.jpeg?fit=200%2C200&ssl=1","width":200,"height":200,"caption":"Francis Pisani"},"logo":{"@id":"https:\/\/i2.wp.com\/www.francispisani.net\/wp-content\/uploads\/2020\/08\/francis-pisani-photo.jpeg?fit=200%2C200&ssl=1"},"description":"J\u2019enqu\u00eate, je suis et j\u2019analyse les technologies de l\u2019information et de la communication depuis la pr\u00e9histoire (1994). Piqu\u00e9 par la curiosit\u00e9 et l\u2019envie de comprendre ce que je sentais important, je suis all\u00e9 m\u2019installer dans la r\u00e9gion de San Francisco (janvier 1996) o\u00f9 j\u2019ai pass\u00e9 quinze ans \u00e0 enqu\u00eater sur ce qui s\u2019y faisait : l\u2019\u00e9mergence, le boom, le bust et la reprise. Un cycle complet \u00e0 la suite de quoi j\u2019ai trouv\u00e9 que m\u00eame \u00e0 Silicon Valley on peut se r\u00e9p\u00e9ter. En fait j\u2019ai la bougeotte. De retour en Europe (2010), j\u2019ai lanc\u00e9 un tour du monde de l\u2019innovation, le projet Winch 5 -- 45 villes, 32 pays entre septembre 2011 et octobre 2012 - enti\u00e8rement consacr\u00e9 \u00e0 l'\u00e9tude des conditions \u00e9conomiques, financi\u00e8res, culturelles et sociales du d\u00e9veloppement de l'innovation. J\u2019en a rapport\u00e9 des enseignements sur les meilleures fa\u00e7ons de la rendre possible, de l'encourager, de pr\u00e9parer individus, entreprises et nations \u00e0 participer ainsi \u00e0 la construction de leur propre futur. Une aventure fascinante qui m\u2019a permis de rencontrer des gens audacieux, dot\u00e9s d\u2019une grande intelligence ou d\u2019un grand c\u0153ur. Parfois les deux ensembles. Je donne r\u00e9guli\u00e8rement conf\u00e9rences et s\u00e9minaires sur ce sujet dans certaines entreprises fran\u00e7aises de poids : Bouygues Telecom, CapGemini, L'Or\u00e9al, SFR, SNCF, entre autres ainsi que dans des forums moins prestigieux mais dans lesquels l\u2019assistance est passionn\u00e9e Convaincu que l\u2019am\u00e9lioration de nos villes et de la d\u00e9mocratie locale est un enjeu technologique et social majeur, je viens de me lancer dans une nouvelle s\u00e9rie d\u2019enqu\u00eates \u2013 un tour du monde en plusieurs \u00e9tapes nomm\u00e9 Participolis - sur les villes intelligentes ou qui s\u2019efforcent de l\u2019\u00eatre : 20 villes entre janvier 2014 et avril 2015. Je le con\u00e7ois comme une tension constante entre deux p\u00f4les d\u2019un m\u00eame probl\u00e8me : CitySmarting ou l\u2019effort pour rendre les villes plus intelligentes gr\u00e2ce, notamment aux technologies de l\u2019information et Participolis, le fait qu\u2019un meilleur futur pour nos villes ne peut \u00e9merger que de notre participation \u00e0 leur conception et \u00e0 leur gestion. Mes articles et chroniques ont \u00e9t\u00e9 publi\u00e9s par plus de 100 m\u00e9dias sur quatre continents dont Le Monde, El Pa\u00eds (Madrid), Reforma (Mexico), The Next Web (Amsterdam) et Folha de S\u00e3o Paulo (Br\u00e9sil). J'enseigne aussi \u00e0 la Paris School of International Affairs de l'Institut d'\u00c9tudes Politiques de Paris et \u00e0 la WebSchoolFactory. J\u2019ai donn\u00e9 des cours \u00e0 l'Universit\u00e9 de Berkeley et \u00e0 l'Universit\u00e9 de Stanford. Je participe en temps qu\u2019expert au r\u00e9seau Netexplo. J\u2019ai publi\u00e9 plusieurs livres dont Comment le web change le monde, l'alchimie des multitudes (Pearson) avec Dominique Piotet (2008 et 2011). Quand je ne suis pas en vadrouille autour du monde, je vis entre Paris, Barcelone et Mexico. Mais toujours je suis int\u00e9ress\u00e9 par vos commentaires, critiques et suggestions. Francispisani \u00e0 gmailvousconnaissezlasuite Google http:\/\/tinyurl.com\/francispisani Twitter: @francispisani A tout de suite\u2026","sameAs":["https:\/\/www.francispisani.net\/","https:\/\/www.facebook.com\/francis.pisani","https:\/\/www.linkedin.com\/in\/francispisani","https:\/\/x.com\/francispisani","https:\/\/fr.wikipedia.org\/wiki\/Francis_Pisani"],"url":"https:\/\/www.francispisani.net\/es\/author\/francis-pisani\/"}]}},"jetpack_publicize_connections":[],"jetpack_featured_media_url":"","jetpack-related-posts":[{"id":3891,"url":"https:\/\/www.francispisani.net\/es\/citynnovation-en-busca-de-ciudades-innovadoras-en-el-mundo\/","url_meta":{"origin":3884,"position":0},"title":"Citynnovation : en busca de ciudades innovadoras en el mundo &#8211; Francis Pisani","author":"Francis Pisani","date":"20 de abril de 2014","format":false,"excerpt":"Escribo esta columna en el avi\u00f3n que me lleva a Las Vegas, primera etapa de un tour de ciudades inteligentes o, para ser m\u00e1s preciso, del esfuerzo realizado por determinadas ciudades para utilizar mejor las tecnolog\u00edas la informaci\u00f3n y la comunicaci\u00f3n a fin de facilitarnos la vida. He elegido ciudades\u2026","rel":"","context":"En \u00abCitynnovation\u00bb","block_context":{"text":"Citynnovation","link":"https:\/\/www.francispisani.net\/citynnovation\/"},"img":{"alt_text":"","src":"","width":0,"height":0},"classes":[]},{"id":4424,"url":"https:\/\/www.francispisani.net\/es\/pongamos-todas-las-inteligencias-al-servicio-de-nuestras-ciudades\/","url_meta":{"origin":3884,"position":1},"title":"Pongamos todas las inteligencias al servicio de nuestras ciudades &#8211; Francis Pisani","author":"Francis Pisani","date":"5 de agosto de 2015","format":false,"excerpt":"El concepto de ciudad inteligente da miedo. Porque se entiende mal y porque, con buen juicio, los usuarios y los ciudadanos son reacios a dejar sus datos en manos de Estados, grandes empresas y criminales.La reacci\u00f3n m\u00e1s simple es entonces decir \u00abno\u00bb a los proyectos presentados por algunos ayuntamientos con\u2026","rel":"","context":"En \u00abactu\u00bb","block_context":{"text":"actu","link":"https:\/\/www.francispisani.net\/es\/actu-3\/"},"img":{"alt_text":"","src":"","width":0,"height":0},"classes":[]},{"id":3887,"url":"https:\/\/www.francispisani.net\/es\/hiperdensidad-caminabilidad-verde-manana\/","url_meta":{"origin":3884,"position":2},"title":"Hiperdensidad + \u00abcaminabilidad\u00bb + verde = ma\u00f1ana &#8211; Francis Pisani","author":"Francis Pisani","date":"20 de abril de 2014","format":false,"excerpt":"En toda discusi\u00f3n sobre las ciudades inteligentes \u2013sin que se nos prevenga siempre\u2013 se infiltran sue\u00f1os que ofrecen m\u00e1s de lo que pueden cumplir... de cara a la desesperanza que suscita el estado de las ciudades en las cuales vivimos. Imagine usted lo que pensar\u00e1n los habitantes de El Cairo\u2026","rel":"","context":"En \u00abCitynnovation\u00bb","block_context":{"text":"Citynnovation","link":"https:\/\/www.francispisani.net\/citynnovation\/"},"img":{"alt_text":"","src":"","width":0,"height":0},"classes":[]},{"id":4236,"url":"https:\/\/www.francispisani.net\/es\/los-datos-al-servicio-de-las-ciudades\/","url_meta":{"origin":3884,"position":3},"title":"Los datos al servicio de las ciudades &#8211; Francis Pisani","author":"Francis Pisani","date":"30 de abril de 2015","format":false,"excerpt":"Los datos tienen dos fuerzas de las que no podemos escapar: revelan verdades que esconden nuestro discursos y eso permite, cuando hay bastantes y se pueden analizar a fondo (data analytics), dar cuenta de situaciones complejas en tiempo real, hasta predecir lo que podr\u00eda suceder y entonces actuar en consecuencia.Pero\u2026","rel":"","context":"En \u00abactu\u00bb","block_context":{"text":"actu","link":"https:\/\/www.francispisani.net\/es\/actu-3\/"},"img":{"alt_text":"","src":"","width":0,"height":0},"classes":[]},{"id":4234,"url":"https:\/\/www.francispisani.net\/es\/los-jovenes-construyen-las-ciudades-inteligentes\/","url_meta":{"origin":3884,"position":4},"title":"Los j\u00f3venes construyen las ciudades inteligentes? &#8211; Francis Pisani","author":"Francis Pisani","date":"15 de abril de 2015","format":false,"excerpt":"\u00bfQuiere que su ciudad se convierta en inteligente? Atraiga a los j\u00f3venes. Respuesta simple, incluso simplista publicada recientemente en la web GovTech.com, una publicaci\u00f3n estadounidense dirigida a los \u00abl\u00edderes del sector p\u00fablico\u00bb y, en particular a sus responsables locales. La respuesta se basa en elementos s\u00f3lidos que merecen atenci\u00f3n.La tesis\u2026","rel":"","context":"En \u00abactu\u00bb","block_context":{"text":"actu","link":"https:\/\/www.francispisani.net\/es\/actu-3\/"},"img":{"alt_text":"","src":"","width":0,"height":0},"classes":[]},{"id":3116,"url":"https:\/\/www.francispisani.net\/es\/a_qu_se_debe_e\/","url_meta":{"origin":3884,"position":5},"title":"\u00bfA qu\u00e9 se debe el \u00e9xito de Chile en materia de TIC? &#8211; Francis Pisani","author":"Francis Pisani","date":"17 de diciembre de 2006","format":false,"excerpt":"Santiago deChile \u2013 Lider latinoamericano en materia de TIC, Chile se compara, en estecampo, con ciertos pa\u00edses europeos y hace alarde de sus conexiones con elsureste asi\u00e1tico (ver la entrevista con Ricardo Lagos del\u2026). Vale la penatratar de entender por qu\u00e9.Primero loshechos. El \u00faltimo informe sobre TIC publicado por el\u2026","rel":"","context":"En \u00abbusiness\u00bb","block_context":{"text":"business","link":"https:\/\/www.francispisani.net\/es\/business-2\/"},"img":{"alt_text":"","src":"","width":0,"height":0},"classes":[]}],"jetpack_sharing_enabled":true,"jetpack_likes_enabled":true,"amp_enabled":true,"_links":{"self":[{"href":"https:\/\/www.francispisani.net\/es\/wp-json\/wp\/v2\/posts\/3884","targetHints":{"allow":["GET"]}}],"collection":[{"href":"https:\/\/www.francispisani.net\/es\/wp-json\/wp\/v2\/posts"}],"about":[{"href":"https:\/\/www.francispisani.net\/es\/wp-json\/wp\/v2\/types\/post"}],"author":[{"embeddable":true,"href":"https:\/\/www.francispisani.net\/es\/wp-json\/wp\/v2\/users\/2"}],"replies":[{"embeddable":true,"href":"https:\/\/www.francispisani.net\/es\/wp-json\/wp\/v2\/comments?post=3884"}],"version-history":[{"count":0,"href":"https:\/\/www.francispisani.net\/es\/wp-json\/wp\/v2\/posts\/3884\/revisions"}],"wp:attachment":[{"href":"https:\/\/www.francispisani.net\/es\/wp-json\/wp\/v2\/media?parent=3884"}],"wp:term":[{"taxonomy":"category","embeddable":true,"href":"https:\/\/www.francispisani.net\/es\/wp-json\/wp\/v2\/categories?post=3884"},{"taxonomy":"post_tag","embeddable":true,"href":"https:\/\/www.francispisani.net\/es\/wp-json\/wp\/v2\/tags?post=3884"}],"curies":[{"name":"wp","href":"https:\/\/api.w.org\/{rel}","templated":true}]}}