{"id":3885,"date":"2014-04-20T09:00:00","date_gmt":"2014-04-20T07:00:00","guid":{"rendered":"https:\/\/fpisani.wpengine.com\/la-ciudad-de-mexico-racionaliza-para-volverse-inteligente\/"},"modified":"2014-04-20T09:00:00","modified_gmt":"2014-04-20T07:00:00","slug":"la-ciudad-de-mexico-racionaliza-para-volverse-inteligente","status":"publish","type":"post","link":"https:\/\/www.francispisani.net\/es\/la-ciudad-de-mexico-racionaliza-para-volverse-inteligente\/","title":{"rendered":"La ciudad de M\u00e9xico racionaliza para volverse \u00abinteligente\u00bb &#8211; Francis Pisani"},"content":{"rendered":"<div class=\"ob-sections\">\n<div class=\"ob-section ob-section-text\">\n<div class=\"ob-text\">\n<p>En materia de ciudades inteligentes, Masdar, Songdo o PanIT \u2013tres ejemplos citados al azar\u2013 no significan pr\u00e1cticamente nada. Todav\u00eda son m\u00e1s intenci\u00f3n que realidad, y su tama\u00f1o lleva a pensar m\u00e1s en un experimento de laboratorio que en una ciudad real del mundo de hoy. Esta es la raz\u00f3n por la cual decid\u00ed realizar una seria evaluaci\u00f3n de la Ciudad de M\u00e9xico, la m\u00e1s antigua del continente americano (1325 DC) y una de las m\u00e1s grandes del mundo (9.000.000 de habitantes que asciende a 22 millones \u2013si se suma la zona conurbada).<\/p>\n<p>Ah\u00ed descubr\u00ed un c\u00famulo de hermosas intenciones en t\u00e9rminos de participaci\u00f3n, como en Lab al que me referi en <a href=\"http:\/\/francispisani.net\/2014\/04\/la-ciudad-de-mexico-apuesta-timidamente-al-talento-ciudadano.html\" class=\"popup\">la nota anterior<\/a>. A la apuesta por la infraestructura, el equipo de Miguel \u00c1ngel Mancera \u2013jefe del gobierno capitalino\u2013 parece inclinarse por la de la participaci\u00f3n ciudadana. Pero sin recursos.<\/p>\n<p>La intenci\u00f3n es magn\u00edfica&#8230; pero insuficiente. De ah\u00ed la pregunta: \u00bfQu\u00e9 hace la Ciudad de M\u00e9xico en t\u00e9rminos de infraestructura inform\u00e1tica para volverse \u00abinteligente\u00bb?<\/p>\n<p>\u00abEs exactamente la misma pregunta que me plantee cuando llegu\u00e9 a este puesto\u00bb, me dijo Marco Antonio Quiroz, quien ocupa oficialmente el cargo de Director General de <a href=\"http:\/\/www.setravi.df.gob.mx\/wb\/cg\/direccion_general_de_gobernabilidad_de_tecnologias\">Gobernabilidad de Tecnolog\u00edas de la Informaci\u00f3n y Comunicaciones<\/a>. En ingl\u00e9s equivaldr\u00eda al CTO, el director de la tecnolog\u00eda.<\/p>\n<p>\u00abTuvimos que empezar por un diagn\u00f3stico de lo que existe y luego planear una estrategia que permita transitar de una ciudad normal, con su excepcional complejidad, a una ciudad inteligente\u00bb, prosigui\u00f3.<\/p>\n<p>Para ello, Quiroz y su equipo comenzaron por crear un marco normativo aplicable a todos los proyectos tecnol\u00f3gicos de las m\u00faltiples dependencias del gobierno de la ciudad: <a href=\"http:\/\/www.contraloria.df.gob.mx\/index.php\/innovacion-tecnologica\/135-innovacion-tecnologica\/1221-ciudad-de-mexico-capital-digital\">Modelo estrat\u00e9gico interinstitucional de las TICS<\/a> (MEITIC en espa\u00f1ol). Tarea tit\u00e1nica en una ciudad que cuenta con 200 mil empleados en su gobierno, repartidos en m\u00e1s de 100 oficinas (entre secretar\u00edas, delegaciones y direcciones) m\u00e1s o menos aut\u00f3nomas. Y formaron un comit\u00e9 integrado por todos los responsables de las TIC. Es de gobernabilidad, pues, de lo que trata esta primera etapa.<\/p>\n<p>Ya se materializan los primeros proyectos concretos en los que se pide a cada dependencia adoptar criterios comunes que permitan medir y evaluar resultados. Los sectores privilegiados son salud, educaci\u00f3n, seguridad, justicia y finanzas. Todo con base en el modelo de <a href=\"http:\/\/www.gobiernodigital.com.mx\/2013\/11\/el-programa-de-gobierno-abierto-cdmx-presentado-por-el-laboratorio-para-la-ciudad\/\">ciudad abierta<\/a> siguiendo la pol\u00edtica de \u00abopen data\u00bb.<\/p>\n<p>Segunda etapa: \u00abNos inspiramos en Barcelona, Singapur, Honolulu y Hanover, pero queremos desarrollar un modelo que corresponda a las necesidades de los habitantes del Distrito Federal (nombre oficial de la capital del pa\u00eds)\u00bb, me explic\u00f3 Quiroz. El proyecto ser\u00e1 sometido \u2013mediante diferentes mecanismos\u2013 a la consideraci\u00f3n de los ciudadanos, las empresas, las universidades, etc\u00e9tera.<\/p>\n<p>Queda por cuestionar la infraestructura tecnol\u00f3gica.<\/p>\n<p>El sistema m\u00e1s desarrollado (creado en administraciones anteriores) es el de la medici\u00f3n de los \u00edndices de contaminaci\u00f3n, que debe mejorarse. En t\u00e9rminos de seguridad (@ciudad_segura), la ciudad cuenta con 7.000 c\u00e1maras p\u00fablicas, planea instalar 8.000 nuevas y centralizar la informaci\u00f3n captada.<\/p>\n<p>Pero nadie hoy en d\u00eda parece tener una visi\u00f3n en tiempo real del estado del tr\u00e1fico y el transporte. <a href=\"http:\/\/www.waze.com\/\">Waze<\/a> y cuentas Twitter c\u00f3mo @traficodf, @cerotrafico ofrecen informaciones puntuales, pero, a pesar de la ayuda que brindan a los automovilistas, la visi\u00f3n global que permite tomar decisiones cuando hace falta no parece existir. O por lo menos no he podido detectar qui\u00e9n la tiene ni alguien que me indicara qui\u00e9n pudiera tenerla, lo cual ilustra la complejidad del asunto en esta ciudad.<\/p>\n<p>En cuanto a la propuesta de grandes empresas como IBM o Cisco, \u00abtienen una visi\u00f3n interesante desde el punto de vista de la infraestructura\u00bb, dice Quiroz . \u00abPero nuestra plataforma es extremadamente heterog\u00e9nea. Lo que buscamos, en primer lugar, es la interoperabilidad, la capacidad de comunicar los sistemas existentes y muy diferentes entre s\u00ed.\u00bb<\/p>\n<p>Es entonces de racionalizaci\u00f3n de lo que hoy se trata. Un esfuerzo considerable que Quiroz y su equipo (de 35 personas) abordan con \u00abun poco de dinero\u00bb. Su hom\u00f3logo en Buenos Aires, dice, dispone de 800 personas para una ciudad cuya poblaci\u00f3n es menos de un tercio de la del DF.<\/p>\n<p>As\u00ed es como se encuentra la problem\u00e1tica de las \u00abciudades inteligentes\u00bb en la Ciudad de M\u00e9xico. A pesar de su tama\u00f1o excepcional y de lo que puede semejar un retraso en el discurso dominante, me parece bastante cercana a los verdaderos problemas que afrontan la mayor\u00eda de las ciudades de hoy.<\/p>\n<\/p><\/div>\n<\/div><\/div>\n","protected":false},"excerpt":{"rendered":"<p>En materia de ciudades inteligentes, Masdar, Songdo o PanIT \u2013tres ejemplos citados al azar\u2013 no significan pr\u00e1cticamente nada. Todav\u00eda son m\u00e1s intenci\u00f3n que realidad, y su tama\u00f1o lleva a pensar m\u00e1s en un experimento de laboratorio que en una ciudad real del mundo de hoy. Esta es la raz\u00f3n por la cual decid\u00ed realizar una [&hellip;]<\/p>\n","protected":false},"author":2,"featured_media":0,"comment_status":"open","ping_status":"open","sticky":false,"template":"","format":"standard","meta":{"_crdt_document":"","jetpack_post_was_ever_published":false,"_jetpack_newsletter_access":"","_jetpack_dont_email_post_to_subs":false,"_jetpack_newsletter_tier_id":0,"_jetpack_memberships_contains_paywalled_content":false,"newspack_featured_image_position":"","newspack_post_subtitle":"","_jetpack_memberships_contains_paid_content":false,"footnotes":"","jetpack_publicize_message":"","jetpack_publicize_feature_enabled":true,"jetpack_social_post_already_shared":false,"jetpack_social_options":{"image_generator_settings":{"template":"highway","default_image_id":0,"font":"","enabled":false},"version":2}},"categories":[1040,1069,315,1577],"tags":[],"class_list":["post-3885","post","type-post","status-publish","format-standard","hentry","category-citynnovation","category-citynnovation-3","category-espanol","category-villes","entry"],"yoast_head":"<!-- This site is optimized with the Yoast SEO plugin v27.5 - https:\/\/yoast.com\/product\/yoast-seo-wordpress\/ -->\n<title>La ciudad de M\u00e9xico racionaliza para volverse &quot;inteligente&quot; - Francis Pisani<\/title>\n<meta name=\"robots\" content=\"index, follow, max-snippet:-1, max-image-preview:large, max-video-preview:-1\" \/>\n<link rel=\"canonical\" href=\"https:\/\/www.francispisani.net\/es\/la-ciudad-de-mexico-racionaliza-para-volverse-inteligente\/\" \/>\n<meta property=\"og:locale\" content=\"es_ES\" \/>\n<meta property=\"og:type\" content=\"article\" \/>\n<meta property=\"og:title\" content=\"La ciudad de M\u00e9xico racionaliza para volverse &quot;inteligente&quot; - Francis Pisani\" \/>\n<meta property=\"og:description\" content=\"En materia de ciudades inteligentes, Masdar, Songdo o PanIT \u2013tres ejemplos citados al azar\u2013 no significan pr\u00e1cticamente nada. Todav\u00eda son m\u00e1s intenci\u00f3n que realidad, y su tama\u00f1o lleva a pensar m\u00e1s en un experimento de laboratorio que en una ciudad real del mundo de hoy. Esta es la raz\u00f3n por la cual decid\u00ed realizar una [&hellip;]\" \/>\n<meta property=\"og:url\" content=\"https:\/\/www.francispisani.net\/es\/la-ciudad-de-mexico-racionaliza-para-volverse-inteligente\/\" \/>\n<meta property=\"og:site_name\" content=\"FRANCIS PISANI\" \/>\n<meta property=\"article:publisher\" content=\"https:\/\/www.facebook.com\/francis.pisani\" \/>\n<meta property=\"article:author\" content=\"https:\/\/www.facebook.com\/francis.pisani\" \/>\n<meta property=\"article:published_time\" content=\"2014-04-20T07:00:00+00:00\" \/>\n<meta name=\"author\" content=\"Francis Pisani\" \/>\n<meta name=\"twitter:card\" content=\"summary_large_image\" \/>\n<meta name=\"twitter:creator\" content=\"@francispisani\" \/>\n<meta name=\"twitter:site\" content=\"@francispisani\" \/>\n<meta name=\"twitter:label1\" content=\"Escrito por\" \/>\n\t<meta name=\"twitter:data1\" content=\"Francis Pisani\" \/>\n\t<meta name=\"twitter:label2\" content=\"Tiempo de lectura\" \/>\n\t<meta name=\"twitter:data2\" content=\"4 minutos\" \/>\n<script type=\"application\/ld+json\" class=\"yoast-schema-graph\">{\"@context\":\"https:\\\/\\\/schema.org\",\"@graph\":[{\"@type\":\"Article\",\"@id\":\"https:\\\/\\\/www.francispisani.net\\\/es\\\/la-ciudad-de-mexico-racionaliza-para-volverse-inteligente\\\/#article\",\"isPartOf\":{\"@id\":\"https:\\\/\\\/www.francispisani.net\\\/es\\\/la-ciudad-de-mexico-racionaliza-para-volverse-inteligente\\\/\"},\"author\":{\"name\":\"Francis Pisani\",\"@id\":\"https:\\\/\\\/www.francispisani.net\\\/es\\\/#\\\/schema\\\/person\\\/23840424e18a129b90f71aba0809a74d\"},\"headline\":\"La ciudad de M\u00e9xico racionaliza para volverse \u00abinteligente\u00bb &#8211; Francis Pisani\",\"datePublished\":\"2014-04-20T07:00:00+00:00\",\"mainEntityOfPage\":{\"@id\":\"https:\\\/\\\/www.francispisani.net\\\/es\\\/la-ciudad-de-mexico-racionaliza-para-volverse-inteligente\\\/\"},\"wordCount\":785,\"commentCount\":0,\"publisher\":{\"@id\":\"https:\\\/\\\/www.francispisani.net\\\/es\\\/#\\\/schema\\\/person\\\/23840424e18a129b90f71aba0809a74d\"},\"articleSection\":[\"Citynnovation\",\"citynnovation\",\"espa\u00f1ol\",\"Villes\"],\"inLanguage\":\"es\"},{\"@type\":\"WebPage\",\"@id\":\"https:\\\/\\\/www.francispisani.net\\\/es\\\/la-ciudad-de-mexico-racionaliza-para-volverse-inteligente\\\/\",\"url\":\"https:\\\/\\\/www.francispisani.net\\\/es\\\/la-ciudad-de-mexico-racionaliza-para-volverse-inteligente\\\/\",\"name\":\"La ciudad de M\u00e9xico racionaliza para volverse \\\"inteligente\\\" - Francis Pisani\",\"isPartOf\":{\"@id\":\"https:\\\/\\\/www.francispisani.net\\\/es\\\/#website\"},\"datePublished\":\"2014-04-20T07:00:00+00:00\",\"breadcrumb\":{\"@id\":\"https:\\\/\\\/www.francispisani.net\\\/es\\\/la-ciudad-de-mexico-racionaliza-para-volverse-inteligente\\\/#breadcrumb\"},\"inLanguage\":\"es\",\"potentialAction\":[{\"@type\":\"ReadAction\",\"target\":[\"https:\\\/\\\/www.francispisani.net\\\/es\\\/la-ciudad-de-mexico-racionaliza-para-volverse-inteligente\\\/\"]}]},{\"@type\":\"BreadcrumbList\",\"@id\":\"https:\\\/\\\/www.francispisani.net\\\/es\\\/la-ciudad-de-mexico-racionaliza-para-volverse-inteligente\\\/#breadcrumb\",\"itemListElement\":[{\"@type\":\"ListItem\",\"position\":1,\"name\":\"Home\",\"item\":\"https:\\\/\\\/www.francispisani.net\\\/es\\\/\"},{\"@type\":\"ListItem\",\"position\":2,\"name\":\"La ciudad de M\u00e9xico racionaliza para volverse \u00abinteligente\u00bb &#8211; Francis Pisani\"}]},{\"@type\":\"WebSite\",\"@id\":\"https:\\\/\\\/www.francispisani.net\\\/es\\\/#website\",\"url\":\"https:\\\/\\\/www.francispisani.net\\\/es\\\/\",\"name\":\"FRANCIS PISANI\",\"description\":\"\",\"publisher\":{\"@id\":\"https:\\\/\\\/www.francispisani.net\\\/es\\\/#\\\/schema\\\/person\\\/23840424e18a129b90f71aba0809a74d\"},\"potentialAction\":[{\"@type\":\"SearchAction\",\"target\":{\"@type\":\"EntryPoint\",\"urlTemplate\":\"https:\\\/\\\/www.francispisani.net\\\/es\\\/?s={search_term_string}\"},\"query-input\":{\"@type\":\"PropertyValueSpecification\",\"valueRequired\":true,\"valueName\":\"search_term_string\"}}],\"inLanguage\":\"es\"},{\"@type\":[\"Person\",\"Organization\"],\"@id\":\"https:\\\/\\\/www.francispisani.net\\\/es\\\/#\\\/schema\\\/person\\\/23840424e18a129b90f71aba0809a74d\",\"name\":\"Francis Pisani\",\"image\":{\"@type\":\"ImageObject\",\"inLanguage\":\"es\",\"@id\":\"https:\\\/\\\/i2.wp.com\\\/www.francispisani.net\\\/wp-content\\\/uploads\\\/2020\\\/08\\\/francis-pisani-photo.jpeg?fit=200%2C200&ssl=1\",\"url\":\"https:\\\/\\\/i2.wp.com\\\/www.francispisani.net\\\/wp-content\\\/uploads\\\/2020\\\/08\\\/francis-pisani-photo.jpeg?fit=200%2C200&ssl=1\",\"contentUrl\":\"https:\\\/\\\/i2.wp.com\\\/www.francispisani.net\\\/wp-content\\\/uploads\\\/2020\\\/08\\\/francis-pisani-photo.jpeg?fit=200%2C200&ssl=1\",\"width\":200,\"height\":200,\"caption\":\"Francis Pisani\"},\"logo\":{\"@id\":\"https:\\\/\\\/i2.wp.com\\\/www.francispisani.net\\\/wp-content\\\/uploads\\\/2020\\\/08\\\/francis-pisani-photo.jpeg?fit=200%2C200&ssl=1\"},\"description\":\"J\u2019enqu\u00eate, je suis et j\u2019analyse les technologies de l\u2019information et de la communication depuis la pr\u00e9histoire (1994). Piqu\u00e9 par la curiosit\u00e9 et l\u2019envie de comprendre ce que je sentais important, je suis all\u00e9 m\u2019installer dans la r\u00e9gion de San Francisco (janvier 1996) o\u00f9 j\u2019ai pass\u00e9 quinze ans \u00e0 enqu\u00eater sur ce qui s\u2019y faisait : l\u2019\u00e9mergence, le boom, le bust et la reprise. Un cycle complet \u00e0 la suite de quoi j\u2019ai trouv\u00e9 que m\u00eame \u00e0 Silicon Valley on peut se r\u00e9p\u00e9ter. En fait j\u2019ai la bougeotte. De retour en Europe (2010), j\u2019ai lanc\u00e9 un tour du monde de l\u2019innovation, le projet Winch 5 -- 45 villes, 32 pays entre septembre 2011 et octobre 2012 - enti\u00e8rement consacr\u00e9 \u00e0 l'\u00e9tude des conditions \u00e9conomiques, financi\u00e8res, culturelles et sociales du d\u00e9veloppement de l'innovation. J\u2019en a rapport\u00e9 des enseignements sur les meilleures fa\u00e7ons de la rendre possible, de l'encourager, de pr\u00e9parer individus, entreprises et nations \u00e0 participer ainsi \u00e0 la construction de leur propre futur. Une aventure fascinante qui m\u2019a permis de rencontrer des gens audacieux, dot\u00e9s d\u2019une grande intelligence ou d\u2019un grand c\u0153ur. Parfois les deux ensembles. Je donne r\u00e9guli\u00e8rement conf\u00e9rences et s\u00e9minaires sur ce sujet dans certaines entreprises fran\u00e7aises de poids : Bouygues Telecom, CapGemini, L'Or\u00e9al, SFR, SNCF, entre autres ainsi que dans des forums moins prestigieux mais dans lesquels l\u2019assistance est passionn\u00e9e Convaincu que l\u2019am\u00e9lioration de nos villes et de la d\u00e9mocratie locale est un enjeu technologique et social majeur, je viens de me lancer dans une nouvelle s\u00e9rie d\u2019enqu\u00eates \u2013 un tour du monde en plusieurs \u00e9tapes nomm\u00e9 Participolis - sur les villes intelligentes ou qui s\u2019efforcent de l\u2019\u00eatre : 20 villes entre janvier 2014 et avril 2015. Je le con\u00e7ois comme une tension constante entre deux p\u00f4les d\u2019un m\u00eame probl\u00e8me : CitySmarting ou l\u2019effort pour rendre les villes plus intelligentes gr\u00e2ce, notamment aux technologies de l\u2019information et Participolis, le fait qu\u2019un meilleur futur pour nos villes ne peut \u00e9merger que de notre participation \u00e0 leur conception et \u00e0 leur gestion. Mes articles et chroniques ont \u00e9t\u00e9 publi\u00e9s par plus de 100 m\u00e9dias sur quatre continents dont Le Monde, El Pa\u00eds (Madrid), Reforma (Mexico), The Next Web (Amsterdam) et Folha de S\u00e3o Paulo (Br\u00e9sil). J'enseigne aussi \u00e0 la Paris School of International Affairs de l'Institut d'\u00c9tudes Politiques de Paris et \u00e0 la WebSchoolFactory. J\u2019ai donn\u00e9 des cours \u00e0 l'Universit\u00e9 de Berkeley et \u00e0 l'Universit\u00e9 de Stanford. Je participe en temps qu\u2019expert au r\u00e9seau Netexplo. J\u2019ai publi\u00e9 plusieurs livres dont Comment le web change le monde, l'alchimie des multitudes (Pearson) avec Dominique Piotet (2008 et 2011). Quand je ne suis pas en vadrouille autour du monde, je vis entre Paris, Barcelone et Mexico. Mais toujours je suis int\u00e9ress\u00e9 par vos commentaires, critiques et suggestions. Francispisani \u00e0 gmailvousconnaissezlasuite Google http:\\\/\\\/tinyurl.com\\\/francispisani Twitter: @francispisani A tout de suite\u2026\",\"sameAs\":[\"https:\\\/\\\/www.francispisani.net\\\/\",\"https:\\\/\\\/www.facebook.com\\\/francis.pisani\",\"https:\\\/\\\/www.linkedin.com\\\/in\\\/francispisani\",\"https:\\\/\\\/x.com\\\/francispisani\",\"https:\\\/\\\/fr.wikipedia.org\\\/wiki\\\/Francis_Pisani\"],\"url\":\"https:\\\/\\\/www.francispisani.net\\\/es\\\/author\\\/francis-pisani\\\/\"}]}<\/script>\n<!-- \/ Yoast SEO plugin. -->","yoast_head_json":{"title":"La ciudad de M\u00e9xico racionaliza para volverse \"inteligente\" - Francis Pisani","robots":{"index":"index","follow":"follow","max-snippet":"max-snippet:-1","max-image-preview":"max-image-preview:large","max-video-preview":"max-video-preview:-1"},"canonical":"https:\/\/www.francispisani.net\/es\/la-ciudad-de-mexico-racionaliza-para-volverse-inteligente\/","og_locale":"es_ES","og_type":"article","og_title":"La ciudad de M\u00e9xico racionaliza para volverse \"inteligente\" - Francis Pisani","og_description":"En materia de ciudades inteligentes, Masdar, Songdo o PanIT \u2013tres ejemplos citados al azar\u2013 no significan pr\u00e1cticamente nada. Todav\u00eda son m\u00e1s intenci\u00f3n que realidad, y su tama\u00f1o lleva a pensar m\u00e1s en un experimento de laboratorio que en una ciudad real del mundo de hoy. Esta es la raz\u00f3n por la cual decid\u00ed realizar una [&hellip;]","og_url":"https:\/\/www.francispisani.net\/es\/la-ciudad-de-mexico-racionaliza-para-volverse-inteligente\/","og_site_name":"FRANCIS PISANI","article_publisher":"https:\/\/www.facebook.com\/francis.pisani","article_author":"https:\/\/www.facebook.com\/francis.pisani","article_published_time":"2014-04-20T07:00:00+00:00","author":"Francis Pisani","twitter_card":"summary_large_image","twitter_creator":"@francispisani","twitter_site":"@francispisani","twitter_misc":{"Escrito por":"Francis Pisani","Tiempo de lectura":"4 minutos"},"schema":{"@context":"https:\/\/schema.org","@graph":[{"@type":"Article","@id":"https:\/\/www.francispisani.net\/es\/la-ciudad-de-mexico-racionaliza-para-volverse-inteligente\/#article","isPartOf":{"@id":"https:\/\/www.francispisani.net\/es\/la-ciudad-de-mexico-racionaliza-para-volverse-inteligente\/"},"author":{"name":"Francis Pisani","@id":"https:\/\/www.francispisani.net\/es\/#\/schema\/person\/23840424e18a129b90f71aba0809a74d"},"headline":"La ciudad de M\u00e9xico racionaliza para volverse \u00abinteligente\u00bb &#8211; Francis Pisani","datePublished":"2014-04-20T07:00:00+00:00","mainEntityOfPage":{"@id":"https:\/\/www.francispisani.net\/es\/la-ciudad-de-mexico-racionaliza-para-volverse-inteligente\/"},"wordCount":785,"commentCount":0,"publisher":{"@id":"https:\/\/www.francispisani.net\/es\/#\/schema\/person\/23840424e18a129b90f71aba0809a74d"},"articleSection":["Citynnovation","citynnovation","espa\u00f1ol","Villes"],"inLanguage":"es"},{"@type":"WebPage","@id":"https:\/\/www.francispisani.net\/es\/la-ciudad-de-mexico-racionaliza-para-volverse-inteligente\/","url":"https:\/\/www.francispisani.net\/es\/la-ciudad-de-mexico-racionaliza-para-volverse-inteligente\/","name":"La ciudad de M\u00e9xico racionaliza para volverse \"inteligente\" - Francis Pisani","isPartOf":{"@id":"https:\/\/www.francispisani.net\/es\/#website"},"datePublished":"2014-04-20T07:00:00+00:00","breadcrumb":{"@id":"https:\/\/www.francispisani.net\/es\/la-ciudad-de-mexico-racionaliza-para-volverse-inteligente\/#breadcrumb"},"inLanguage":"es","potentialAction":[{"@type":"ReadAction","target":["https:\/\/www.francispisani.net\/es\/la-ciudad-de-mexico-racionaliza-para-volverse-inteligente\/"]}]},{"@type":"BreadcrumbList","@id":"https:\/\/www.francispisani.net\/es\/la-ciudad-de-mexico-racionaliza-para-volverse-inteligente\/#breadcrumb","itemListElement":[{"@type":"ListItem","position":1,"name":"Home","item":"https:\/\/www.francispisani.net\/es\/"},{"@type":"ListItem","position":2,"name":"La ciudad de M\u00e9xico racionaliza para volverse \u00abinteligente\u00bb &#8211; Francis Pisani"}]},{"@type":"WebSite","@id":"https:\/\/www.francispisani.net\/es\/#website","url":"https:\/\/www.francispisani.net\/es\/","name":"FRANCIS PISANI","description":"","publisher":{"@id":"https:\/\/www.francispisani.net\/es\/#\/schema\/person\/23840424e18a129b90f71aba0809a74d"},"potentialAction":[{"@type":"SearchAction","target":{"@type":"EntryPoint","urlTemplate":"https:\/\/www.francispisani.net\/es\/?s={search_term_string}"},"query-input":{"@type":"PropertyValueSpecification","valueRequired":true,"valueName":"search_term_string"}}],"inLanguage":"es"},{"@type":["Person","Organization"],"@id":"https:\/\/www.francispisani.net\/es\/#\/schema\/person\/23840424e18a129b90f71aba0809a74d","name":"Francis Pisani","image":{"@type":"ImageObject","inLanguage":"es","@id":"https:\/\/i2.wp.com\/www.francispisani.net\/wp-content\/uploads\/2020\/08\/francis-pisani-photo.jpeg?fit=200%2C200&ssl=1","url":"https:\/\/i2.wp.com\/www.francispisani.net\/wp-content\/uploads\/2020\/08\/francis-pisani-photo.jpeg?fit=200%2C200&ssl=1","contentUrl":"https:\/\/i2.wp.com\/www.francispisani.net\/wp-content\/uploads\/2020\/08\/francis-pisani-photo.jpeg?fit=200%2C200&ssl=1","width":200,"height":200,"caption":"Francis Pisani"},"logo":{"@id":"https:\/\/i2.wp.com\/www.francispisani.net\/wp-content\/uploads\/2020\/08\/francis-pisani-photo.jpeg?fit=200%2C200&ssl=1"},"description":"J\u2019enqu\u00eate, je suis et j\u2019analyse les technologies de l\u2019information et de la communication depuis la pr\u00e9histoire (1994). Piqu\u00e9 par la curiosit\u00e9 et l\u2019envie de comprendre ce que je sentais important, je suis all\u00e9 m\u2019installer dans la r\u00e9gion de San Francisco (janvier 1996) o\u00f9 j\u2019ai pass\u00e9 quinze ans \u00e0 enqu\u00eater sur ce qui s\u2019y faisait : l\u2019\u00e9mergence, le boom, le bust et la reprise. Un cycle complet \u00e0 la suite de quoi j\u2019ai trouv\u00e9 que m\u00eame \u00e0 Silicon Valley on peut se r\u00e9p\u00e9ter. En fait j\u2019ai la bougeotte. De retour en Europe (2010), j\u2019ai lanc\u00e9 un tour du monde de l\u2019innovation, le projet Winch 5 -- 45 villes, 32 pays entre septembre 2011 et octobre 2012 - enti\u00e8rement consacr\u00e9 \u00e0 l'\u00e9tude des conditions \u00e9conomiques, financi\u00e8res, culturelles et sociales du d\u00e9veloppement de l'innovation. J\u2019en a rapport\u00e9 des enseignements sur les meilleures fa\u00e7ons de la rendre possible, de l'encourager, de pr\u00e9parer individus, entreprises et nations \u00e0 participer ainsi \u00e0 la construction de leur propre futur. Une aventure fascinante qui m\u2019a permis de rencontrer des gens audacieux, dot\u00e9s d\u2019une grande intelligence ou d\u2019un grand c\u0153ur. Parfois les deux ensembles. Je donne r\u00e9guli\u00e8rement conf\u00e9rences et s\u00e9minaires sur ce sujet dans certaines entreprises fran\u00e7aises de poids : Bouygues Telecom, CapGemini, L'Or\u00e9al, SFR, SNCF, entre autres ainsi que dans des forums moins prestigieux mais dans lesquels l\u2019assistance est passionn\u00e9e Convaincu que l\u2019am\u00e9lioration de nos villes et de la d\u00e9mocratie locale est un enjeu technologique et social majeur, je viens de me lancer dans une nouvelle s\u00e9rie d\u2019enqu\u00eates \u2013 un tour du monde en plusieurs \u00e9tapes nomm\u00e9 Participolis - sur les villes intelligentes ou qui s\u2019efforcent de l\u2019\u00eatre : 20 villes entre janvier 2014 et avril 2015. Je le con\u00e7ois comme une tension constante entre deux p\u00f4les d\u2019un m\u00eame probl\u00e8me : CitySmarting ou l\u2019effort pour rendre les villes plus intelligentes gr\u00e2ce, notamment aux technologies de l\u2019information et Participolis, le fait qu\u2019un meilleur futur pour nos villes ne peut \u00e9merger que de notre participation \u00e0 leur conception et \u00e0 leur gestion. Mes articles et chroniques ont \u00e9t\u00e9 publi\u00e9s par plus de 100 m\u00e9dias sur quatre continents dont Le Monde, El Pa\u00eds (Madrid), Reforma (Mexico), The Next Web (Amsterdam) et Folha de S\u00e3o Paulo (Br\u00e9sil). J'enseigne aussi \u00e0 la Paris School of International Affairs de l'Institut d'\u00c9tudes Politiques de Paris et \u00e0 la WebSchoolFactory. J\u2019ai donn\u00e9 des cours \u00e0 l'Universit\u00e9 de Berkeley et \u00e0 l'Universit\u00e9 de Stanford. Je participe en temps qu\u2019expert au r\u00e9seau Netexplo. J\u2019ai publi\u00e9 plusieurs livres dont Comment le web change le monde, l'alchimie des multitudes (Pearson) avec Dominique Piotet (2008 et 2011). Quand je ne suis pas en vadrouille autour du monde, je vis entre Paris, Barcelone et Mexico. Mais toujours je suis int\u00e9ress\u00e9 par vos commentaires, critiques et suggestions. Francispisani \u00e0 gmailvousconnaissezlasuite Google http:\/\/tinyurl.com\/francispisani Twitter: @francispisani A tout de suite\u2026","sameAs":["https:\/\/www.francispisani.net\/","https:\/\/www.facebook.com\/francis.pisani","https:\/\/www.linkedin.com\/in\/francispisani","https:\/\/x.com\/francispisani","https:\/\/fr.wikipedia.org\/wiki\/Francis_Pisani"],"url":"https:\/\/www.francispisani.net\/es\/author\/francis-pisani\/"}]}},"jetpack_publicize_connections":[],"jetpack_featured_media_url":"","jetpack-related-posts":[{"id":3891,"url":"https:\/\/www.francispisani.net\/es\/citynnovation-en-busca-de-ciudades-innovadoras-en-el-mundo\/","url_meta":{"origin":3885,"position":0},"title":"Citynnovation : en busca de ciudades innovadoras en el mundo &#8211; Francis Pisani","author":"Francis Pisani","date":"20 de abril de 2014","format":false,"excerpt":"Escribo esta columna en el avi\u00f3n que me lleva a Las Vegas, primera etapa de un tour de ciudades inteligentes o, para ser m\u00e1s preciso, del esfuerzo realizado por determinadas ciudades para utilizar mejor las tecnolog\u00edas la informaci\u00f3n y la comunicaci\u00f3n a fin de facilitarnos la vida. He elegido ciudades\u2026","rel":"","context":"En \u00abCitynnovation\u00bb","block_context":{"text":"Citynnovation","link":"https:\/\/www.francispisani.net\/citynnovation\/"},"img":{"alt_text":"","src":"","width":0,"height":0},"classes":[]},{"id":3884,"url":"https:\/\/www.francispisani.net\/es\/la-ciudad-de-mexico-apuesta-timidamente-al-talento-ciudadano\/","url_meta":{"origin":3885,"position":1},"title":"La ciudad de M\u00e9xico apuesta, t\u00edmidamente, al \u00abtalento ciudadano\u00bb &#8211; Francis Pisani","author":"Francis Pisani","date":"20 de abril de 2014","format":false,"excerpt":"A falta de una verdadera pol\u00edtica de \"ciudad inteligente\", M\u00e9xico se ha provisto de un laboratorio para \"crear una cultura de colaboraci\u00f3n entre la sociedad civil y el Gobierno del Distrito Federal (GDF)\", me dijo Gabriela G\u00f3mez-Mont, quien es la responsable.\"Funcionamos como un \"think-tank\" creativo que cuenta con amplias atribuciones\u2026","rel":"","context":"En \u00abCitynnovation\u00bb","block_context":{"text":"Citynnovation","link":"https:\/\/www.francispisani.net\/citynnovation\/"},"img":{"alt_text":"","src":"","width":0,"height":0},"classes":[]},{"id":3887,"url":"https:\/\/www.francispisani.net\/es\/hiperdensidad-caminabilidad-verde-manana\/","url_meta":{"origin":3885,"position":2},"title":"Hiperdensidad + \u00abcaminabilidad\u00bb + verde = ma\u00f1ana &#8211; Francis Pisani","author":"Francis Pisani","date":"20 de abril de 2014","format":false,"excerpt":"En toda discusi\u00f3n sobre las ciudades inteligentes \u2013sin que se nos prevenga siempre\u2013 se infiltran sue\u00f1os que ofrecen m\u00e1s de lo que pueden cumplir... de cara a la desesperanza que suscita el estado de las ciudades en las cuales vivimos. Imagine usted lo que pensar\u00e1n los habitantes de El Cairo\u2026","rel":"","context":"En \u00abCitynnovation\u00bb","block_context":{"text":"Citynnovation","link":"https:\/\/www.francispisani.net\/citynnovation\/"},"img":{"alt_text":"","src":"","width":0,"height":0},"classes":[]},{"id":4236,"url":"https:\/\/www.francispisani.net\/es\/los-datos-al-servicio-de-las-ciudades\/","url_meta":{"origin":3885,"position":3},"title":"Los datos al servicio de las ciudades &#8211; Francis Pisani","author":"Francis Pisani","date":"30 de abril de 2015","format":false,"excerpt":"Los datos tienen dos fuerzas de las que no podemos escapar: revelan verdades que esconden nuestro discursos y eso permite, cuando hay bastantes y se pueden analizar a fondo (data analytics), dar cuenta de situaciones complejas en tiempo real, hasta predecir lo que podr\u00eda suceder y entonces actuar en consecuencia.Pero\u2026","rel":"","context":"En \u00abactu\u00bb","block_context":{"text":"actu","link":"https:\/\/www.francispisani.net\/es\/actu-3\/"},"img":{"alt_text":"","src":"","width":0,"height":0},"classes":[]},{"id":4424,"url":"https:\/\/www.francispisani.net\/es\/pongamos-todas-las-inteligencias-al-servicio-de-nuestras-ciudades\/","url_meta":{"origin":3885,"position":4},"title":"Pongamos todas las inteligencias al servicio de nuestras ciudades &#8211; Francis Pisani","author":"Francis Pisani","date":"5 de agosto de 2015","format":false,"excerpt":"El concepto de ciudad inteligente da miedo. Porque se entiende mal y porque, con buen juicio, los usuarios y los ciudadanos son reacios a dejar sus datos en manos de Estados, grandes empresas y criminales.La reacci\u00f3n m\u00e1s simple es entonces decir \u00abno\u00bb a los proyectos presentados por algunos ayuntamientos con\u2026","rel":"","context":"En \u00abactu\u00bb","block_context":{"text":"actu","link":"https:\/\/www.francispisani.net\/es\/actu-3\/"},"img":{"alt_text":"","src":"","width":0,"height":0},"classes":[]},{"id":4234,"url":"https:\/\/www.francispisani.net\/es\/los-jovenes-construyen-las-ciudades-inteligentes\/","url_meta":{"origin":3885,"position":5},"title":"Los j\u00f3venes construyen las ciudades inteligentes? &#8211; Francis Pisani","author":"Francis Pisani","date":"15 de abril de 2015","format":false,"excerpt":"\u00bfQuiere que su ciudad se convierta en inteligente? Atraiga a los j\u00f3venes. Respuesta simple, incluso simplista publicada recientemente en la web GovTech.com, una publicaci\u00f3n estadounidense dirigida a los \u00abl\u00edderes del sector p\u00fablico\u00bb y, en particular a sus responsables locales. La respuesta se basa en elementos s\u00f3lidos que merecen atenci\u00f3n.La tesis\u2026","rel":"","context":"En \u00abactu\u00bb","block_context":{"text":"actu","link":"https:\/\/www.francispisani.net\/es\/actu-3\/"},"img":{"alt_text":"","src":"","width":0,"height":0},"classes":[]}],"jetpack_sharing_enabled":true,"jetpack_likes_enabled":true,"amp_enabled":true,"_links":{"self":[{"href":"https:\/\/www.francispisani.net\/es\/wp-json\/wp\/v2\/posts\/3885","targetHints":{"allow":["GET"]}}],"collection":[{"href":"https:\/\/www.francispisani.net\/es\/wp-json\/wp\/v2\/posts"}],"about":[{"href":"https:\/\/www.francispisani.net\/es\/wp-json\/wp\/v2\/types\/post"}],"author":[{"embeddable":true,"href":"https:\/\/www.francispisani.net\/es\/wp-json\/wp\/v2\/users\/2"}],"replies":[{"embeddable":true,"href":"https:\/\/www.francispisani.net\/es\/wp-json\/wp\/v2\/comments?post=3885"}],"version-history":[{"count":0,"href":"https:\/\/www.francispisani.net\/es\/wp-json\/wp\/v2\/posts\/3885\/revisions"}],"wp:attachment":[{"href":"https:\/\/www.francispisani.net\/es\/wp-json\/wp\/v2\/media?parent=3885"}],"wp:term":[{"taxonomy":"category","embeddable":true,"href":"https:\/\/www.francispisani.net\/es\/wp-json\/wp\/v2\/categories?post=3885"},{"taxonomy":"post_tag","embeddable":true,"href":"https:\/\/www.francispisani.net\/es\/wp-json\/wp\/v2\/tags?post=3885"}],"curies":[{"name":"wp","href":"https:\/\/api.w.org\/{rel}","templated":true}]}}