{"id":4234,"date":"2015-04-15T09:00:00","date_gmt":"2015-04-15T07:00:00","guid":{"rendered":"https:\/\/fpisani.wpengine.com\/los-jovenes-construyen-las-ciudades-inteligentes\/"},"modified":"2015-04-15T09:00:00","modified_gmt":"2015-04-15T07:00:00","slug":"los-jovenes-construyen-las-ciudades-inteligentes","status":"publish","type":"post","link":"https:\/\/www.francispisani.net\/es\/los-jovenes-construyen-las-ciudades-inteligentes\/","title":{"rendered":"Los j\u00f3venes construyen las ciudades inteligentes? &#8211; Francis Pisani"},"content":{"rendered":"<div class=\"ob-sections\">\n<div class=\"ob-section ob-section-text\">\n<figure class=\"              ob-pull-center ob-media-center                    ob-img-size-300      \">    <a href=\"https:\/\/www.flickr.com\/photos\/hatipoglu\/6203726843\/in\/photolist-ascHRD-4eV1mH-rx5YN1-6F1Rbm-obC8pt-akEFwS-imQzd6-4f5su6-4Gmjq1-4f5hAt-pnYGm8-4Pct6J-3tiDvT-4oQZ1B-9PrNDw-4oQZ1x-pRBRo9-rhJErM-4oQZ1D-5rmgbP-dABigq-4GmjT5-rTujSx-rAUcRq-yNeKH-yNeFT-5uFvMb-5uB9dk-5uFvqC-5uB3or-59mEMX-4pCaUW-fSVnJQ-gjW9fA-gjVfMz-qPokyX-eYYNno-47kVaT-pELpBg-gjWtwU-ndepnP-5VdvyH-5VhSQf-5VhSbC-5VdtJP-5Vdt4e-5VhQBG-qWuwyh-9WGWyG-5Vdriz\/\" target=\"_blank\" title=\"ob_5b9650_6203726843-1d52f58cd1-o.jpg\" rel=\"noopener noreferrer\">      <img decoding=\"async\" src=\"https:\/\/i0.wp.com\/img.over-blog-kiwi.com\/300x300\/0\/73\/87\/12\/20150630\/ob_5b9650_6203726843-1d52f58cd1-o.jpg\" class=\"ob-media ob-img\" alt=\"Los j\u00f3venes construyen las ciudades inteligentes?\">    <\/a>      <\/figure>\n<div class=\"ob-text\">\n<p>\u00bfQuiere que su ciudad se convierta en inteligente? Atraiga a los j\u00f3venes. Respuesta simple, incluso simplista publicada recientemente en la web <a href=\"http:\/\/www.govtech.com\/\">GovTech.com<\/a>, una publicaci\u00f3n estadounidense dirigida a los \u00abl\u00edderes del sector p\u00fablico\u00bb y, en particular a sus responsables locales. La respuesta se basa en elementos s\u00f3lidos que merecen atenci\u00f3n.<\/p>\n<p>La tesis es simple: \u00ab<a href=\"http:\/\/www.govtech.com\/fs\/Millennials--They-Make-Cities-Smart.html\">Los <em>millenials<\/em> (j\u00f3venes nacidos entre 1980 y 2000) hacen las ciudades inteligentes<\/a>\u00bb debido a sus necesidades espec\u00edficas. Su estilo de vida y sus valores, como su facilidad natural con las TIC producen las transformaciones urbanas positivas.<\/p>\n<p>Aprovecharlo no parece imposible ya que <a href=\"http:\/\/statchatva.org\/2015\/02\/11\/millennials-downtown\/\">buscan el centro de las ciudades<\/a>, como demuestra un reciente estudio llevado a cabo en Estados Unidos.<\/p>\n<p>Se\u00f1al inequ\u00edvoca, en San Francisco, las grandes marcas tecnol\u00f3gicas como Facebook, Twitter o Google, est\u00e1n empezando a invertir en el <em>downtown<\/em> porque ah\u00ed es donde quieren vivir los j\u00f3venes con estudios, pasi\u00f3n por emprender y talento.<\/p>\n<p>La atenci\u00f3n prestada a esta generaci\u00f3n no es reciente. El elemento nuevo es que un profesor canadiense establece una clave de lectura. Ense\u00f1ando en la universidad de Waterloo, Markus Moos <a href=\"http:\/\/www.citylab.com\/housing\/2015\/02\/is-your-neighborhood-changing-it-might-be-youthification-not-gentrification\/385193\/\">distingue la \u00ab<em>youthification<\/em>\u00bb del centro de la ciudad del concepto frecuentemente utilizado de \u00ab<em>gentrification<\/em>\u00bb<\/a>. Los dos no son incompatibles, sino que los j\u00f3venes no est\u00e1n necesariamente atra\u00eddos por los mismos factores que los estratos sociales m\u00e1s acomodados.<\/p>\n<p>En el sitio <a href=\"http:\/\/generationedcity.uwaterloo.ca\/\">Generationed City<\/a>, Moos muestra c\u00f3mo tiene en cuenta el ingreso familiar, el tama\u00f1o y la inmigraci\u00f3n. La evoluci\u00f3n de Vancouver, Toronto y Montreal le permite establecer una relaci\u00f3n entre lo atractivo para los j\u00f3venes que puede resultar el centro de una ciudad y su densidad, un componente clave de la din\u00e1mica urbana.<\/p>\n<p>Otros estudios complementan el cuadro.<\/p>\n<p>El precio cuenta, obviamente, como lo confirma <a href=\"http:\/\/www.youthfulcities.com\/\">YouthfulCities.com<\/a>, una iniciativa de la agencia <a href=\"http:\/\/www.decode.net\/\">Decode.net<\/a>. La agencia ha producido un \u00ab\u00edndice de accesibilidad\u00bb (<em>affordability<\/em>) que clasifica las ciudades <a href=\"http:\/\/www.youthfulcities.com\/#!affordability-index\/c1y19\">en funci\u00f3n del coste de los servicios a los que los j\u00f3venes dan importancia<\/a>. Este incluye, entre otros, los precios de una docena de huevos, del transporte, de un concierto, de la vivienda y el salario m\u00ednimo. Oh sorpresa, <a href=\"http:\/\/media.wix.com\/ugd\/3a3a66_ed34148e38d748c3800f684b1fc9690d.pdf\">Paris es la m\u00e1s \u00abaccesible\u00bb del mundo<\/a>, justo por delante de Toronto y Los \u00c1ngeles. Berlin se coloca en el quinto lugar, Sao Paulo en el vig\u00e9simo y Shangai en el vig\u00e9simo segundo.<\/p>\n<p>El ambiente cultural cuenta. Los j\u00f3venes parecen sensibles a las ciudades diversas en t\u00e9rminos de composici\u00f3n \u00e9tnica, abiertas a las migraciones y en las que la igualdad de g\u00e9neros es respetada, al igual que la libertad de los gays.<\/p>\n<p>Los <em>millennials<\/em> est\u00e1n menos interesados en los coches. <a href=\"http:\/\/www.slideshare.net\/Zipcar_PR\/millennials-2013-slide-share\">Un estudio de Zipcar financiado por la Fundaci\u00f3n Rockefeller<\/a>, revela que en los Estados Unidos el 17% de los 18-24 a\u00f1os no tienen permiso de conducir. M\u00e1s de un tercio est\u00e1 buscando una alternativa a la conducci\u00f3n, y m\u00e1s de la mitad afirma que conducir\u00edan menos si los transportes p\u00fablicos y los veh\u00edculos compartidos estuviesen m\u00e1s accesibles en su comunidad. <a href=\"http:\/\/transitscreen.com\/survey-to-recruit-and-keep-millennials-give-them-walkable-places-with-good-transit-and-other-options\/\">Los <em>millenials<\/em> son entonces multimodales<\/a>, un t\u00e9rmino clave que rebasa el vocabulario de los ingenieros y especialistas de transportes para convertirse en un tipo de posicionamiento cultural y social. Un concepto destinado a crecer en importancia.<\/p>\n<p>\u00datiles, estas nociones y estos estudios deben utilizarse con prudencia. Un error grave ser\u00eda meter a todas las personas en el mismo saco. Todos no disponen del mismo nivel de vida, ni de las mismas necesidades. Particularmente sensibles a los problemas de costes en estos tiempos dif\u00edciles, algunos cambian de opini\u00f3n a medida que se asientan. La <em>youthification<\/em> podr\u00eda, en ciertos casos, convertirse en<em>gentrification.<\/em><\/p>\n<p>Es evidente, por otro lado, que la evoluci\u00f3n del tejido urbano europeo es diferente. Pero eso no impide que <a href=\"http:\/\/survey.telefonica.com\/survey-findings\/\">ciertas caracter\u00edsticas esenciales<\/a> se reencuentren a ambos lados del Atl\u00e1ntico.<\/p>\n<p>En las discusiones sobre quien contribuye a la inteligencia de las ciudades, el inter\u00e9s puesto en la generaci\u00f3n que llega a la edad adulta a principios del siglo XXI, pone de relieve un factor humano que puede ser estudiado junto con el peso de la tecnolog\u00eda. Esto cuenta.<\/p>\n<p><a href=\"https:\/\/www.flickr.com\/photos\/hatipoglu\/6203726843\/in\/photolist-ascHRD-4eV1mH-rx5YN1-6F1Rbm-obC8pt-akEFwS-imQzd6-4f5su6-4Gmjq1-4f5hAt-pnYGm8-4Pct6J-3tiDvT-4oQZ1B-9PrNDw-4oQZ1x-pRBRo9-rhJErM-4oQZ1D-5rmgbP-dABigq-4GmjT5-rTujSx-rAUcRq-yNeKH-yNeFT-5uFvMb-5uB9dk-5uFvqC-5uB3or-59mEMX-4pCaUW-fSVnJQ-gjW9fA-gjVfMz-qPokyX-eYYNno-47kVaT-pELpBg-gjWtwU-ndepnP-5VdvyH-5VhSQf-5VhSbC-5VdtJP-5Vdt4e-5VhQBG-qWuwyh-9WGWyG-5Vdriz\/\">Photo Flickr<\/a><\/p>\n<p><em>Este art\u00edculo ha sido publicado por i.ambiente el 14 de abril del 2015.<\/em><\/p>\n<\/p><\/div>\n<\/div><\/div>\n","protected":false},"excerpt":{"rendered":"<p>\u00bfQuiere que su ciudad se convierta en inteligente? Atraiga a los j\u00f3venes. Respuesta simple, incluso simplista publicada recientemente en la web GovTech.com, una publicaci\u00f3n estadounidense dirigida a los \u00abl\u00edderes del sector p\u00fablico\u00bb y, en particular a sus responsables locales. La respuesta se basa en elementos s\u00f3lidos que merecen atenci\u00f3n. La tesis es simple: \u00abLos millenials [&hellip;]<\/p>\n","protected":false},"author":2,"featured_media":0,"comment_status":"open","ping_status":"open","sticky":false,"template":"","format":"standard","meta":{"_crdt_document":"","jetpack_post_was_ever_published":false,"_jetpack_newsletter_access":"","_jetpack_dont_email_post_to_subs":false,"_jetpack_newsletter_tier_id":0,"_jetpack_memberships_contains_paywalled_content":false,"newspack_featured_image_position":"","newspack_post_subtitle":"","_jetpack_memberships_contains_paid_content":false,"footnotes":"","jetpack_publicize_message":"","jetpack_publicize_feature_enabled":true,"jetpack_social_post_already_shared":false,"jetpack_social_options":{"image_generator_settings":{"template":"highway","default_image_id":0,"font":"","enabled":false},"version":2}},"categories":[1113,319,315,320,362,983,1577],"tags":[],"class_list":["post-4234","post","type-post","status-publish","format-standard","hentry","category-actu-3","category-business-2","category-espanol","category-newthink-2","category-smart-cities","category-smart-cities-2","category-villes","entry"],"yoast_head":"<!-- This site is optimized with the Yoast SEO plugin v27.5 - https:\/\/yoast.com\/product\/yoast-seo-wordpress\/ -->\n<title>Los j\u00f3venes construyen las ciudades inteligentes? - Francis Pisani<\/title>\n<meta name=\"robots\" content=\"index, follow, max-snippet:-1, max-image-preview:large, max-video-preview:-1\" \/>\n<link rel=\"canonical\" href=\"https:\/\/www.francispisani.net\/es\/los-jovenes-construyen-las-ciudades-inteligentes\/\" \/>\n<meta property=\"og:locale\" content=\"es_ES\" \/>\n<meta property=\"og:type\" content=\"article\" \/>\n<meta property=\"og:title\" content=\"Los j\u00f3venes construyen las ciudades inteligentes? - Francis Pisani\" \/>\n<meta property=\"og:description\" content=\"\u00bfQuiere que su ciudad se convierta en inteligente? Atraiga a los j\u00f3venes. Respuesta simple, incluso simplista publicada recientemente en la web GovTech.com, una publicaci\u00f3n estadounidense dirigida a los \u00abl\u00edderes del sector p\u00fablico\u00bb y, en particular a sus responsables locales. La respuesta se basa en elementos s\u00f3lidos que merecen atenci\u00f3n. La tesis es simple: \u00abLos millenials [&hellip;]\" \/>\n<meta property=\"og:url\" content=\"https:\/\/www.francispisani.net\/es\/los-jovenes-construyen-las-ciudades-inteligentes\/\" \/>\n<meta property=\"og:site_name\" content=\"FRANCIS PISANI\" \/>\n<meta property=\"article:publisher\" content=\"https:\/\/www.facebook.com\/francis.pisani\" \/>\n<meta property=\"article:author\" content=\"https:\/\/www.facebook.com\/francis.pisani\" \/>\n<meta property=\"article:published_time\" content=\"2015-04-15T07:00:00+00:00\" \/>\n<meta property=\"og:image\" content=\"http:\/\/img.over-blog-kiwi.com\/300x300\/0\/73\/87\/12\/20150630\/ob_5b9650_6203726843-1d52f58cd1-o.jpg\" \/>\n<meta name=\"author\" content=\"Francis Pisani\" \/>\n<meta name=\"twitter:card\" content=\"summary_large_image\" \/>\n<meta name=\"twitter:creator\" content=\"@francispisani\" \/>\n<meta name=\"twitter:site\" content=\"@francispisani\" \/>\n<meta name=\"twitter:label1\" content=\"Escrito por\" \/>\n\t<meta name=\"twitter:data1\" content=\"Francis Pisani\" \/>\n\t<meta name=\"twitter:label2\" content=\"Tiempo de lectura\" \/>\n\t<meta name=\"twitter:data2\" content=\"4 minutos\" \/>\n<script type=\"application\/ld+json\" class=\"yoast-schema-graph\">{\"@context\":\"https:\\\/\\\/schema.org\",\"@graph\":[{\"@type\":\"Article\",\"@id\":\"https:\\\/\\\/www.francispisani.net\\\/es\\\/los-jovenes-construyen-las-ciudades-inteligentes\\\/#article\",\"isPartOf\":{\"@id\":\"https:\\\/\\\/www.francispisani.net\\\/es\\\/los-jovenes-construyen-las-ciudades-inteligentes\\\/\"},\"author\":{\"name\":\"Francis Pisani\",\"@id\":\"https:\\\/\\\/www.francispisani.net\\\/es\\\/#\\\/schema\\\/person\\\/23840424e18a129b90f71aba0809a74d\"},\"headline\":\"Los j\u00f3venes construyen las ciudades inteligentes? &#8211; Francis Pisani\",\"datePublished\":\"2015-04-15T07:00:00+00:00\",\"mainEntityOfPage\":{\"@id\":\"https:\\\/\\\/www.francispisani.net\\\/es\\\/los-jovenes-construyen-las-ciudades-inteligentes\\\/\"},\"wordCount\":742,\"commentCount\":0,\"publisher\":{\"@id\":\"https:\\\/\\\/www.francispisani.net\\\/es\\\/#\\\/schema\\\/person\\\/23840424e18a129b90f71aba0809a74d\"},\"image\":{\"@id\":\"https:\\\/\\\/www.francispisani.net\\\/es\\\/los-jovenes-construyen-las-ciudades-inteligentes\\\/#primaryimage\"},\"thumbnailUrl\":\"http:\\\/\\\/img.over-blog-kiwi.com\\\/300x300\\\/0\\\/73\\\/87\\\/12\\\/20150630\\\/ob_5b9650_6203726843-1d52f58cd1-o.jpg\",\"articleSection\":[\"actu\",\"business\",\"espa\u00f1ol\",\"newthink\",\"Smart Cities\",\"smart cities\",\"Villes\"],\"inLanguage\":\"es\"},{\"@type\":\"WebPage\",\"@id\":\"https:\\\/\\\/www.francispisani.net\\\/es\\\/los-jovenes-construyen-las-ciudades-inteligentes\\\/\",\"url\":\"https:\\\/\\\/www.francispisani.net\\\/es\\\/los-jovenes-construyen-las-ciudades-inteligentes\\\/\",\"name\":\"Los j\u00f3venes construyen las ciudades inteligentes? - Francis Pisani\",\"isPartOf\":{\"@id\":\"https:\\\/\\\/www.francispisani.net\\\/es\\\/#website\"},\"primaryImageOfPage\":{\"@id\":\"https:\\\/\\\/www.francispisani.net\\\/es\\\/los-jovenes-construyen-las-ciudades-inteligentes\\\/#primaryimage\"},\"image\":{\"@id\":\"https:\\\/\\\/www.francispisani.net\\\/es\\\/los-jovenes-construyen-las-ciudades-inteligentes\\\/#primaryimage\"},\"thumbnailUrl\":\"http:\\\/\\\/img.over-blog-kiwi.com\\\/300x300\\\/0\\\/73\\\/87\\\/12\\\/20150630\\\/ob_5b9650_6203726843-1d52f58cd1-o.jpg\",\"datePublished\":\"2015-04-15T07:00:00+00:00\",\"breadcrumb\":{\"@id\":\"https:\\\/\\\/www.francispisani.net\\\/es\\\/los-jovenes-construyen-las-ciudades-inteligentes\\\/#breadcrumb\"},\"inLanguage\":\"es\",\"potentialAction\":[{\"@type\":\"ReadAction\",\"target\":[\"https:\\\/\\\/www.francispisani.net\\\/es\\\/los-jovenes-construyen-las-ciudades-inteligentes\\\/\"]}]},{\"@type\":\"ImageObject\",\"inLanguage\":\"es\",\"@id\":\"https:\\\/\\\/www.francispisani.net\\\/es\\\/los-jovenes-construyen-las-ciudades-inteligentes\\\/#primaryimage\",\"url\":\"http:\\\/\\\/img.over-blog-kiwi.com\\\/300x300\\\/0\\\/73\\\/87\\\/12\\\/20150630\\\/ob_5b9650_6203726843-1d52f58cd1-o.jpg\",\"contentUrl\":\"http:\\\/\\\/img.over-blog-kiwi.com\\\/300x300\\\/0\\\/73\\\/87\\\/12\\\/20150630\\\/ob_5b9650_6203726843-1d52f58cd1-o.jpg\"},{\"@type\":\"BreadcrumbList\",\"@id\":\"https:\\\/\\\/www.francispisani.net\\\/es\\\/los-jovenes-construyen-las-ciudades-inteligentes\\\/#breadcrumb\",\"itemListElement\":[{\"@type\":\"ListItem\",\"position\":1,\"name\":\"Home\",\"item\":\"https:\\\/\\\/www.francispisani.net\\\/es\\\/\"},{\"@type\":\"ListItem\",\"position\":2,\"name\":\"Los j\u00f3venes construyen las ciudades inteligentes? &#8211; Francis Pisani\"}]},{\"@type\":\"WebSite\",\"@id\":\"https:\\\/\\\/www.francispisani.net\\\/es\\\/#website\",\"url\":\"https:\\\/\\\/www.francispisani.net\\\/es\\\/\",\"name\":\"FRANCIS PISANI\",\"description\":\"\",\"publisher\":{\"@id\":\"https:\\\/\\\/www.francispisani.net\\\/es\\\/#\\\/schema\\\/person\\\/23840424e18a129b90f71aba0809a74d\"},\"potentialAction\":[{\"@type\":\"SearchAction\",\"target\":{\"@type\":\"EntryPoint\",\"urlTemplate\":\"https:\\\/\\\/www.francispisani.net\\\/es\\\/?s={search_term_string}\"},\"query-input\":{\"@type\":\"PropertyValueSpecification\",\"valueRequired\":true,\"valueName\":\"search_term_string\"}}],\"inLanguage\":\"es\"},{\"@type\":[\"Person\",\"Organization\"],\"@id\":\"https:\\\/\\\/www.francispisani.net\\\/es\\\/#\\\/schema\\\/person\\\/23840424e18a129b90f71aba0809a74d\",\"name\":\"Francis Pisani\",\"image\":{\"@type\":\"ImageObject\",\"inLanguage\":\"es\",\"@id\":\"https:\\\/\\\/i2.wp.com\\\/www.francispisani.net\\\/wp-content\\\/uploads\\\/2020\\\/08\\\/francis-pisani-photo.jpeg?fit=200%2C200&ssl=1\",\"url\":\"https:\\\/\\\/i2.wp.com\\\/www.francispisani.net\\\/wp-content\\\/uploads\\\/2020\\\/08\\\/francis-pisani-photo.jpeg?fit=200%2C200&ssl=1\",\"contentUrl\":\"https:\\\/\\\/i2.wp.com\\\/www.francispisani.net\\\/wp-content\\\/uploads\\\/2020\\\/08\\\/francis-pisani-photo.jpeg?fit=200%2C200&ssl=1\",\"width\":200,\"height\":200,\"caption\":\"Francis Pisani\"},\"logo\":{\"@id\":\"https:\\\/\\\/i2.wp.com\\\/www.francispisani.net\\\/wp-content\\\/uploads\\\/2020\\\/08\\\/francis-pisani-photo.jpeg?fit=200%2C200&ssl=1\"},\"description\":\"J\u2019enqu\u00eate, je suis et j\u2019analyse les technologies de l\u2019information et de la communication depuis la pr\u00e9histoire (1994). Piqu\u00e9 par la curiosit\u00e9 et l\u2019envie de comprendre ce que je sentais important, je suis all\u00e9 m\u2019installer dans la r\u00e9gion de San Francisco (janvier 1996) o\u00f9 j\u2019ai pass\u00e9 quinze ans \u00e0 enqu\u00eater sur ce qui s\u2019y faisait : l\u2019\u00e9mergence, le boom, le bust et la reprise. Un cycle complet \u00e0 la suite de quoi j\u2019ai trouv\u00e9 que m\u00eame \u00e0 Silicon Valley on peut se r\u00e9p\u00e9ter. En fait j\u2019ai la bougeotte. De retour en Europe (2010), j\u2019ai lanc\u00e9 un tour du monde de l\u2019innovation, le projet Winch 5 -- 45 villes, 32 pays entre septembre 2011 et octobre 2012 - enti\u00e8rement consacr\u00e9 \u00e0 l'\u00e9tude des conditions \u00e9conomiques, financi\u00e8res, culturelles et sociales du d\u00e9veloppement de l'innovation. J\u2019en a rapport\u00e9 des enseignements sur les meilleures fa\u00e7ons de la rendre possible, de l'encourager, de pr\u00e9parer individus, entreprises et nations \u00e0 participer ainsi \u00e0 la construction de leur propre futur. Une aventure fascinante qui m\u2019a permis de rencontrer des gens audacieux, dot\u00e9s d\u2019une grande intelligence ou d\u2019un grand c\u0153ur. Parfois les deux ensembles. Je donne r\u00e9guli\u00e8rement conf\u00e9rences et s\u00e9minaires sur ce sujet dans certaines entreprises fran\u00e7aises de poids : Bouygues Telecom, CapGemini, L'Or\u00e9al, SFR, SNCF, entre autres ainsi que dans des forums moins prestigieux mais dans lesquels l\u2019assistance est passionn\u00e9e Convaincu que l\u2019am\u00e9lioration de nos villes et de la d\u00e9mocratie locale est un enjeu technologique et social majeur, je viens de me lancer dans une nouvelle s\u00e9rie d\u2019enqu\u00eates \u2013 un tour du monde en plusieurs \u00e9tapes nomm\u00e9 Participolis - sur les villes intelligentes ou qui s\u2019efforcent de l\u2019\u00eatre : 20 villes entre janvier 2014 et avril 2015. Je le con\u00e7ois comme une tension constante entre deux p\u00f4les d\u2019un m\u00eame probl\u00e8me : CitySmarting ou l\u2019effort pour rendre les villes plus intelligentes gr\u00e2ce, notamment aux technologies de l\u2019information et Participolis, le fait qu\u2019un meilleur futur pour nos villes ne peut \u00e9merger que de notre participation \u00e0 leur conception et \u00e0 leur gestion. Mes articles et chroniques ont \u00e9t\u00e9 publi\u00e9s par plus de 100 m\u00e9dias sur quatre continents dont Le Monde, El Pa\u00eds (Madrid), Reforma (Mexico), The Next Web (Amsterdam) et Folha de S\u00e3o Paulo (Br\u00e9sil). J'enseigne aussi \u00e0 la Paris School of International Affairs de l'Institut d'\u00c9tudes Politiques de Paris et \u00e0 la WebSchoolFactory. J\u2019ai donn\u00e9 des cours \u00e0 l'Universit\u00e9 de Berkeley et \u00e0 l'Universit\u00e9 de Stanford. Je participe en temps qu\u2019expert au r\u00e9seau Netexplo. J\u2019ai publi\u00e9 plusieurs livres dont Comment le web change le monde, l'alchimie des multitudes (Pearson) avec Dominique Piotet (2008 et 2011). Quand je ne suis pas en vadrouille autour du monde, je vis entre Paris, Barcelone et Mexico. Mais toujours je suis int\u00e9ress\u00e9 par vos commentaires, critiques et suggestions. Francispisani \u00e0 gmailvousconnaissezlasuite Google http:\\\/\\\/tinyurl.com\\\/francispisani Twitter: @francispisani A tout de suite\u2026\",\"sameAs\":[\"https:\\\/\\\/www.francispisani.net\\\/\",\"https:\\\/\\\/www.facebook.com\\\/francis.pisani\",\"https:\\\/\\\/www.linkedin.com\\\/in\\\/francispisani\",\"https:\\\/\\\/x.com\\\/francispisani\",\"https:\\\/\\\/fr.wikipedia.org\\\/wiki\\\/Francis_Pisani\"],\"url\":\"https:\\\/\\\/www.francispisani.net\\\/es\\\/author\\\/francis-pisani\\\/\"}]}<\/script>\n<!-- \/ Yoast SEO plugin. -->","yoast_head_json":{"title":"Los j\u00f3venes construyen las ciudades inteligentes? - Francis Pisani","robots":{"index":"index","follow":"follow","max-snippet":"max-snippet:-1","max-image-preview":"max-image-preview:large","max-video-preview":"max-video-preview:-1"},"canonical":"https:\/\/www.francispisani.net\/es\/los-jovenes-construyen-las-ciudades-inteligentes\/","og_locale":"es_ES","og_type":"article","og_title":"Los j\u00f3venes construyen las ciudades inteligentes? - Francis Pisani","og_description":"\u00bfQuiere que su ciudad se convierta en inteligente? Atraiga a los j\u00f3venes. Respuesta simple, incluso simplista publicada recientemente en la web GovTech.com, una publicaci\u00f3n estadounidense dirigida a los \u00abl\u00edderes del sector p\u00fablico\u00bb y, en particular a sus responsables locales. La respuesta se basa en elementos s\u00f3lidos que merecen atenci\u00f3n. La tesis es simple: \u00abLos millenials [&hellip;]","og_url":"https:\/\/www.francispisani.net\/es\/los-jovenes-construyen-las-ciudades-inteligentes\/","og_site_name":"FRANCIS PISANI","article_publisher":"https:\/\/www.facebook.com\/francis.pisani","article_author":"https:\/\/www.facebook.com\/francis.pisani","article_published_time":"2015-04-15T07:00:00+00:00","og_image":[{"url":"http:\/\/img.over-blog-kiwi.com\/300x300\/0\/73\/87\/12\/20150630\/ob_5b9650_6203726843-1d52f58cd1-o.jpg","type":"","width":"","height":""}],"author":"Francis Pisani","twitter_card":"summary_large_image","twitter_creator":"@francispisani","twitter_site":"@francispisani","twitter_misc":{"Escrito por":"Francis Pisani","Tiempo de lectura":"4 minutos"},"schema":{"@context":"https:\/\/schema.org","@graph":[{"@type":"Article","@id":"https:\/\/www.francispisani.net\/es\/los-jovenes-construyen-las-ciudades-inteligentes\/#article","isPartOf":{"@id":"https:\/\/www.francispisani.net\/es\/los-jovenes-construyen-las-ciudades-inteligentes\/"},"author":{"name":"Francis Pisani","@id":"https:\/\/www.francispisani.net\/es\/#\/schema\/person\/23840424e18a129b90f71aba0809a74d"},"headline":"Los j\u00f3venes construyen las ciudades inteligentes? &#8211; Francis Pisani","datePublished":"2015-04-15T07:00:00+00:00","mainEntityOfPage":{"@id":"https:\/\/www.francispisani.net\/es\/los-jovenes-construyen-las-ciudades-inteligentes\/"},"wordCount":742,"commentCount":0,"publisher":{"@id":"https:\/\/www.francispisani.net\/es\/#\/schema\/person\/23840424e18a129b90f71aba0809a74d"},"image":{"@id":"https:\/\/www.francispisani.net\/es\/los-jovenes-construyen-las-ciudades-inteligentes\/#primaryimage"},"thumbnailUrl":"http:\/\/img.over-blog-kiwi.com\/300x300\/0\/73\/87\/12\/20150630\/ob_5b9650_6203726843-1d52f58cd1-o.jpg","articleSection":["actu","business","espa\u00f1ol","newthink","Smart Cities","smart cities","Villes"],"inLanguage":"es"},{"@type":"WebPage","@id":"https:\/\/www.francispisani.net\/es\/los-jovenes-construyen-las-ciudades-inteligentes\/","url":"https:\/\/www.francispisani.net\/es\/los-jovenes-construyen-las-ciudades-inteligentes\/","name":"Los j\u00f3venes construyen las ciudades inteligentes? - Francis Pisani","isPartOf":{"@id":"https:\/\/www.francispisani.net\/es\/#website"},"primaryImageOfPage":{"@id":"https:\/\/www.francispisani.net\/es\/los-jovenes-construyen-las-ciudades-inteligentes\/#primaryimage"},"image":{"@id":"https:\/\/www.francispisani.net\/es\/los-jovenes-construyen-las-ciudades-inteligentes\/#primaryimage"},"thumbnailUrl":"http:\/\/img.over-blog-kiwi.com\/300x300\/0\/73\/87\/12\/20150630\/ob_5b9650_6203726843-1d52f58cd1-o.jpg","datePublished":"2015-04-15T07:00:00+00:00","breadcrumb":{"@id":"https:\/\/www.francispisani.net\/es\/los-jovenes-construyen-las-ciudades-inteligentes\/#breadcrumb"},"inLanguage":"es","potentialAction":[{"@type":"ReadAction","target":["https:\/\/www.francispisani.net\/es\/los-jovenes-construyen-las-ciudades-inteligentes\/"]}]},{"@type":"ImageObject","inLanguage":"es","@id":"https:\/\/www.francispisani.net\/es\/los-jovenes-construyen-las-ciudades-inteligentes\/#primaryimage","url":"http:\/\/img.over-blog-kiwi.com\/300x300\/0\/73\/87\/12\/20150630\/ob_5b9650_6203726843-1d52f58cd1-o.jpg","contentUrl":"http:\/\/img.over-blog-kiwi.com\/300x300\/0\/73\/87\/12\/20150630\/ob_5b9650_6203726843-1d52f58cd1-o.jpg"},{"@type":"BreadcrumbList","@id":"https:\/\/www.francispisani.net\/es\/los-jovenes-construyen-las-ciudades-inteligentes\/#breadcrumb","itemListElement":[{"@type":"ListItem","position":1,"name":"Home","item":"https:\/\/www.francispisani.net\/es\/"},{"@type":"ListItem","position":2,"name":"Los j\u00f3venes construyen las ciudades inteligentes? &#8211; Francis Pisani"}]},{"@type":"WebSite","@id":"https:\/\/www.francispisani.net\/es\/#website","url":"https:\/\/www.francispisani.net\/es\/","name":"FRANCIS PISANI","description":"","publisher":{"@id":"https:\/\/www.francispisani.net\/es\/#\/schema\/person\/23840424e18a129b90f71aba0809a74d"},"potentialAction":[{"@type":"SearchAction","target":{"@type":"EntryPoint","urlTemplate":"https:\/\/www.francispisani.net\/es\/?s={search_term_string}"},"query-input":{"@type":"PropertyValueSpecification","valueRequired":true,"valueName":"search_term_string"}}],"inLanguage":"es"},{"@type":["Person","Organization"],"@id":"https:\/\/www.francispisani.net\/es\/#\/schema\/person\/23840424e18a129b90f71aba0809a74d","name":"Francis Pisani","image":{"@type":"ImageObject","inLanguage":"es","@id":"https:\/\/i2.wp.com\/www.francispisani.net\/wp-content\/uploads\/2020\/08\/francis-pisani-photo.jpeg?fit=200%2C200&ssl=1","url":"https:\/\/i2.wp.com\/www.francispisani.net\/wp-content\/uploads\/2020\/08\/francis-pisani-photo.jpeg?fit=200%2C200&ssl=1","contentUrl":"https:\/\/i2.wp.com\/www.francispisani.net\/wp-content\/uploads\/2020\/08\/francis-pisani-photo.jpeg?fit=200%2C200&ssl=1","width":200,"height":200,"caption":"Francis Pisani"},"logo":{"@id":"https:\/\/i2.wp.com\/www.francispisani.net\/wp-content\/uploads\/2020\/08\/francis-pisani-photo.jpeg?fit=200%2C200&ssl=1"},"description":"J\u2019enqu\u00eate, je suis et j\u2019analyse les technologies de l\u2019information et de la communication depuis la pr\u00e9histoire (1994). Piqu\u00e9 par la curiosit\u00e9 et l\u2019envie de comprendre ce que je sentais important, je suis all\u00e9 m\u2019installer dans la r\u00e9gion de San Francisco (janvier 1996) o\u00f9 j\u2019ai pass\u00e9 quinze ans \u00e0 enqu\u00eater sur ce qui s\u2019y faisait : l\u2019\u00e9mergence, le boom, le bust et la reprise. Un cycle complet \u00e0 la suite de quoi j\u2019ai trouv\u00e9 que m\u00eame \u00e0 Silicon Valley on peut se r\u00e9p\u00e9ter. En fait j\u2019ai la bougeotte. De retour en Europe (2010), j\u2019ai lanc\u00e9 un tour du monde de l\u2019innovation, le projet Winch 5 -- 45 villes, 32 pays entre septembre 2011 et octobre 2012 - enti\u00e8rement consacr\u00e9 \u00e0 l'\u00e9tude des conditions \u00e9conomiques, financi\u00e8res, culturelles et sociales du d\u00e9veloppement de l'innovation. J\u2019en a rapport\u00e9 des enseignements sur les meilleures fa\u00e7ons de la rendre possible, de l'encourager, de pr\u00e9parer individus, entreprises et nations \u00e0 participer ainsi \u00e0 la construction de leur propre futur. Une aventure fascinante qui m\u2019a permis de rencontrer des gens audacieux, dot\u00e9s d\u2019une grande intelligence ou d\u2019un grand c\u0153ur. Parfois les deux ensembles. Je donne r\u00e9guli\u00e8rement conf\u00e9rences et s\u00e9minaires sur ce sujet dans certaines entreprises fran\u00e7aises de poids : Bouygues Telecom, CapGemini, L'Or\u00e9al, SFR, SNCF, entre autres ainsi que dans des forums moins prestigieux mais dans lesquels l\u2019assistance est passionn\u00e9e Convaincu que l\u2019am\u00e9lioration de nos villes et de la d\u00e9mocratie locale est un enjeu technologique et social majeur, je viens de me lancer dans une nouvelle s\u00e9rie d\u2019enqu\u00eates \u2013 un tour du monde en plusieurs \u00e9tapes nomm\u00e9 Participolis - sur les villes intelligentes ou qui s\u2019efforcent de l\u2019\u00eatre : 20 villes entre janvier 2014 et avril 2015. Je le con\u00e7ois comme une tension constante entre deux p\u00f4les d\u2019un m\u00eame probl\u00e8me : CitySmarting ou l\u2019effort pour rendre les villes plus intelligentes gr\u00e2ce, notamment aux technologies de l\u2019information et Participolis, le fait qu\u2019un meilleur futur pour nos villes ne peut \u00e9merger que de notre participation \u00e0 leur conception et \u00e0 leur gestion. Mes articles et chroniques ont \u00e9t\u00e9 publi\u00e9s par plus de 100 m\u00e9dias sur quatre continents dont Le Monde, El Pa\u00eds (Madrid), Reforma (Mexico), The Next Web (Amsterdam) et Folha de S\u00e3o Paulo (Br\u00e9sil). J'enseigne aussi \u00e0 la Paris School of International Affairs de l'Institut d'\u00c9tudes Politiques de Paris et \u00e0 la WebSchoolFactory. J\u2019ai donn\u00e9 des cours \u00e0 l'Universit\u00e9 de Berkeley et \u00e0 l'Universit\u00e9 de Stanford. Je participe en temps qu\u2019expert au r\u00e9seau Netexplo. J\u2019ai publi\u00e9 plusieurs livres dont Comment le web change le monde, l'alchimie des multitudes (Pearson) avec Dominique Piotet (2008 et 2011). Quand je ne suis pas en vadrouille autour du monde, je vis entre Paris, Barcelone et Mexico. Mais toujours je suis int\u00e9ress\u00e9 par vos commentaires, critiques et suggestions. Francispisani \u00e0 gmailvousconnaissezlasuite Google http:\/\/tinyurl.com\/francispisani Twitter: @francispisani A tout de suite\u2026","sameAs":["https:\/\/www.francispisani.net\/","https:\/\/www.facebook.com\/francis.pisani","https:\/\/www.linkedin.com\/in\/francispisani","https:\/\/x.com\/francispisani","https:\/\/fr.wikipedia.org\/wiki\/Francis_Pisani"],"url":"https:\/\/www.francispisani.net\/es\/author\/francis-pisani\/"}]}},"jetpack_publicize_connections":[],"jetpack_featured_media_url":"","jetpack-related-posts":[{"id":4424,"url":"https:\/\/www.francispisani.net\/es\/pongamos-todas-las-inteligencias-al-servicio-de-nuestras-ciudades\/","url_meta":{"origin":4234,"position":0},"title":"Pongamos todas las inteligencias al servicio de nuestras ciudades &#8211; Francis Pisani","author":"Francis Pisani","date":"5 de agosto de 2015","format":false,"excerpt":"El concepto de ciudad inteligente da miedo. Porque se entiende mal y porque, con buen juicio, los usuarios y los ciudadanos son reacios a dejar sus datos en manos de Estados, grandes empresas y criminales.La reacci\u00f3n m\u00e1s simple es entonces decir \u00abno\u00bb a los proyectos presentados por algunos ayuntamientos con\u2026","rel":"","context":"En \u00abactu\u00bb","block_context":{"text":"actu","link":"https:\/\/www.francispisani.net\/es\/actu-3\/"},"img":{"alt_text":"","src":"","width":0,"height":0},"classes":[]},{"id":4318,"url":"https:\/\/www.francispisani.net\/es\/tecnologa_y_vid\/","url_meta":{"origin":4234,"position":1},"title":"Tecnolog\u00eda y vida cotidiana &#8211; Francis Pisani","author":"Francis Pisani","date":"11 de agosto de 2003","format":false,"excerpt":"Despu\u00e9s de haber pasado un mes entre M\u00e9xico y Europa me llama la atenci\u00f3n, a mi vuelta a Estados Unidos, la forma en la cual la tecnolog\u00eda digital est\u00e1 permeando la vida cotidiana. Estos son apenas algunos ejemplos.San Francisco, 10.ago.03Narcisista, como siempre, San Francisco est\u00e1 realizando una pel\u00edcula sobre la\u2026","rel":"","context":"En \u00abespa\u00f1ol\u00bb","block_context":{"text":"espa\u00f1ol","link":"https:\/\/www.francispisani.net\/es\/espanol\/"},"img":{"alt_text":"","src":"","width":0,"height":0},"classes":[]},{"id":3884,"url":"https:\/\/www.francispisani.net\/es\/la-ciudad-de-mexico-apuesta-timidamente-al-talento-ciudadano\/","url_meta":{"origin":4234,"position":2},"title":"La ciudad de M\u00e9xico apuesta, t\u00edmidamente, al \u00abtalento ciudadano\u00bb &#8211; Francis Pisani","author":"Francis Pisani","date":"20 de abril de 2014","format":false,"excerpt":"A falta de una verdadera pol\u00edtica de \"ciudad inteligente\", M\u00e9xico se ha provisto de un laboratorio para \"crear una cultura de colaboraci\u00f3n entre la sociedad civil y el Gobierno del Distrito Federal (GDF)\", me dijo Gabriela G\u00f3mez-Mont, quien es la responsable.\"Funcionamos como un \"think-tank\" creativo que cuenta con amplias atribuciones\u2026","rel":"","context":"En \u00abCitynnovation\u00bb","block_context":{"text":"Citynnovation","link":"https:\/\/www.francispisani.net\/citynnovation\/"},"img":{"alt_text":"","src":"","width":0,"height":0},"classes":[]},{"id":3891,"url":"https:\/\/www.francispisani.net\/es\/citynnovation-en-busca-de-ciudades-innovadoras-en-el-mundo\/","url_meta":{"origin":4234,"position":3},"title":"Citynnovation : en busca de ciudades innovadoras en el mundo &#8211; Francis Pisani","author":"Francis Pisani","date":"20 de abril de 2014","format":false,"excerpt":"Escribo esta columna en el avi\u00f3n que me lleva a Las Vegas, primera etapa de un tour de ciudades inteligentes o, para ser m\u00e1s preciso, del esfuerzo realizado por determinadas ciudades para utilizar mejor las tecnolog\u00edas la informaci\u00f3n y la comunicaci\u00f3n a fin de facilitarnos la vida. He elegido ciudades\u2026","rel":"","context":"En \u00abCitynnovation\u00bb","block_context":{"text":"Citynnovation","link":"https:\/\/www.francispisani.net\/citynnovation\/"},"img":{"alt_text":"","src":"","width":0,"height":0},"classes":[]},{"id":4705,"url":"https:\/\/www.francispisani.net\/es\/post_1\/","url_meta":{"origin":4234,"position":4},"title":"Un \u00abpolvo inteligente\u00bb para \u00absentir\u00bb el mundo &#8211; Francis Pisani","author":"Francis Pisani","date":"11 de agosto de 2004","format":false,"excerpt":"A falta de realmente \"sentir\", los sensores pueden registrar y comunicar variaciones de luz, humedad, temperatura o, entre otros ejemplos, pueden detectar la aparici\u00f3n de grietas en una m\u00e1quina o en un edificio. El nivel de precisi\u00f3n y la abundancia de los datos recopilados cambian el uso de la inform\u00e1tica\u2026","rel":"","context":"En \u00abespa\u00f1ol\u00bb","block_context":{"text":"espa\u00f1ol","link":"https:\/\/www.francispisani.net\/es\/espanol\/"},"img":{"alt_text":"","src":"","width":0,"height":0},"classes":[]},{"id":3965,"url":"https:\/\/www.francispisani.net\/es\/muchedumbres_in\/","url_meta":{"origin":4234,"position":5},"title":"Muchedumbres inteligentes (y peligrosas) &#8211; Francis Pisani","author":"Francis Pisani","date":"25 de noviembre de 2002","format":false,"excerpt":"Tan natural para los adolescentes de todas partes del mundo que parecen haber nacido con \u00e9l, el tel\u00e9fono m\u00f3vil podr\u00eda trastornar las relaciones humanas, las ciudades y toda la sociedad de una manera a\u00fan m\u00e1s profunda que la computadora \u00f3 la internet. Eso es lo que afirma con sobrados argumentos\u2026","rel":"","context":"En \u00abespa\u00f1ol\u00bb","block_context":{"text":"espa\u00f1ol","link":"https:\/\/www.francispisani.net\/es\/espanol\/"},"img":{"alt_text":"","src":"","width":0,"height":0},"classes":[]}],"jetpack_sharing_enabled":true,"jetpack_likes_enabled":true,"amp_enabled":true,"_links":{"self":[{"href":"https:\/\/www.francispisani.net\/es\/wp-json\/wp\/v2\/posts\/4234","targetHints":{"allow":["GET"]}}],"collection":[{"href":"https:\/\/www.francispisani.net\/es\/wp-json\/wp\/v2\/posts"}],"about":[{"href":"https:\/\/www.francispisani.net\/es\/wp-json\/wp\/v2\/types\/post"}],"author":[{"embeddable":true,"href":"https:\/\/www.francispisani.net\/es\/wp-json\/wp\/v2\/users\/2"}],"replies":[{"embeddable":true,"href":"https:\/\/www.francispisani.net\/es\/wp-json\/wp\/v2\/comments?post=4234"}],"version-history":[{"count":0,"href":"https:\/\/www.francispisani.net\/es\/wp-json\/wp\/v2\/posts\/4234\/revisions"}],"wp:attachment":[{"href":"https:\/\/www.francispisani.net\/es\/wp-json\/wp\/v2\/media?parent=4234"}],"wp:term":[{"taxonomy":"category","embeddable":true,"href":"https:\/\/www.francispisani.net\/es\/wp-json\/wp\/v2\/categories?post=4234"},{"taxonomy":"post_tag","embeddable":true,"href":"https:\/\/www.francispisani.net\/es\/wp-json\/wp\/v2\/tags?post=4234"}],"curies":[{"name":"wp","href":"https:\/\/api.w.org\/{rel}","templated":true}]}}