{"id":4304,"date":"2003-07-01T09:00:00","date_gmt":"2003-07-01T07:00:00","guid":{"rendered":"https:\/\/fpisani.wpengine.com\/ms_all_de_la_co\/"},"modified":"2003-07-01T09:00:00","modified_gmt":"2003-07-01T07:00:00","slug":"ms_all_de_la_co","status":"publish","type":"post","link":"https:\/\/www.francispisani.net\/es\/ms_all_de_la_co\/","title":{"rendered":"M\u00e1s all\u00e1 de la convergencia: interoperabilidad y derechos digitales &#8211; Francis Pisani"},"content":{"rendered":"<div class=\"ob-sections\">\n<div class=\"ob-section ob-section-html\">\n<p>Aparentemente, la noticia es buena. En la casa digital de ma\u00f1ana (dentro de tres a\u00f1os m\u00e1s o menos) todos los aparatos comunicar\u00e1n sin trabas. Para entonces pasar del DVD player a la computadora, del tel\u00e9fono celular a la impresora, o ver fotos apenas tomadas en la pantalla del televisor, estar\u00e1 al alcance de las abuelas m\u00e1s al\u00e9rgicas a la tecnolog\u00eda. Las mayores empresas interesadas acaban de anunciar la formaci\u00f3n de un grupo de trabajo para resolver este tipo de problema. Se plantea, de paso, lograr un mejor control de la manera en la cual utilizamos el contenido digital.<\/p>\n<p>San Francisco, 30.jun.03<\/p>\n<p><!--more--><\/p>\n<p>EL martes 24 de junio, en un sal\u00f3n de un gran hotel de San Francisco, HP, Intel, Microsoft, Nokia, Samsung, Sony y 11 m\u00e1s anunciaron la creaci\u00f3n del grupo de trabajo para la casa digital (Digital Home Working Group, DHGP). El cual tiene como misi\u00f3n el promover los acuerdos sobre est\u00e1ndares que permitan la interoperabilidad. El objetivo es simplificar el intercambio de contenido entre los diferentes aparatos del hogar moderno, tr\u00e1tese de m\u00fasica, fotos o video digitalizados, tr\u00e1tese de ver u o\u00edrlos en la computadora, el televisor, el tel\u00e9fono celular o el gadget que a uno se le ocurra. <\/p>\n<p><strong>Para evitar que la aspiradora robot persiga el gato<\/strong><\/p>\n<p>La propuesta es atractiva. Maestro de ceremonias para la ocasi\u00f3n, Paul Saffo, previsionista conocido (no le gusta ser tildado de &#8216;futur\u00f3logo&#8217;) introdujo el tema con cierto humor: \u00abTengo una visi\u00f3n dist\u00f3pica de una Navidad pr\u00f3xima en la cual cada uno recibe aparatos incapaces de comunicar entre s\u00ed, y una aspiradora robot, fuera de control, persigue al gato. Es para evitar esto que estamos aqu\u00ed hoy.\u00bb<\/p>\n<p>Alimentado por la adopci\u00f3n de las l\u00edneas de alta capacidad y el \u00e9xito de las conexiones inal\u00e1mbricas, las redes caseras en EEUU aumentaron  en un 60% el a\u00f1o pasado, dice la empresa de investigaci\u00f3n Yankee Group. El n\u00famero de hogares equipados de esa manera se multiplicar\u00e1 por cinco entre el 2002 y el 2005.<br \/>Seg\u00fan Scott Smyers, representante de Sony y presidente del grupo de trabajo, la estrategia consiste en \u00abreferirse a est\u00e1ndares existentes y dar l\u00edneas directrices de implementaci\u00f3n seguidas de pruebas\u00bb. Las normas abundan pero suelen ser contradictorias y, seg\u00fan el DHWG, \u00abinsuficientes para garantizar la interoperabilidad\u00bb. El esfuerzo principal descansar\u00e1 en los detalles de implementaci\u00f3n del Internet Protocol (IP), que permite la comunicaci\u00f3n por la internet, del Plug and Play (permite que una computadora reconozca otro aparato en el mismo instante en el cual se conecta), y del WiFi, la tecnolog\u00eda de comunicaci\u00f3n inal\u00e1mbrica. <\/p>\n<p>El Dr. KS Lee, vicepresidente de Samsung declar\u00f3 que \u00abva a resultar por tres razones: la tecnolog\u00eda est\u00e1 madura y asequible, las empresas m\u00e1s importantes participan de este esfuerzo y no pretendemos lanzar nuevos est\u00e1ndares.\u00bb<\/p>\n<p>La presencia de los rivales de siempre en un mismo escenario es un lindo espect\u00e1culo que Jean Marc Matteini de Philips resumi\u00f3 con la f\u00f3rmula de moda en Silicon Valley: \u00abse trata de coopetici\u00f3n\u00bb. La idea es buena pero raras veces basta con querer. <\/p>\n<p><strong>Facilitar el control <\/strong><\/p>\n<p>M\u00e1s importante para los usuarios, los promotores del grupo de trabajo parecen tener en mente fortalecer su control sobre la manera en la cual utilizamos nuestros aparatos y el contenido que en ellas guardamos. El primero en notarlo, fue Alexander Wolfe de la revista Emdedded-Watch para qui\u00e9n los aparatos pueden leer MP3 gracias, precisamente a los est\u00e1ndares existentes. \u00abSin embargo, lo que no pueden hacer muy bien \u2013 y lo que empresas como Microsoft y Sony aparentemente quieren que hagan mejor \u2013 es regularizar la transferencia de tales documentos (vale decir, bloquearlos si han sido bajadas gratis de Kazaa).\u00bb<br \/>De hecho, interesado en tranquilizar las empresas de medios ausentes del grupo, Kevin Corbett, representante de Intel declar\u00f3: \u00abSer\u00e1 m\u00e1s f\u00e1cil hacer que respeten los derechos digitales y proteger el contenido si garantizamos la interoperabilidad a nivel de la arquitectura.\u00bb <\/p>\n<p>Los usuarios, por su parte, tienen de qu\u00e9 preocuparse.<\/p>\n<p><a href=\"http:\/\/www.dhwg.org\">Digital Home Working Group<\/a><br \/><a href=\"http:\/\/www.embeddedwatch.com%20\">Embedded-Watch<\/a><\/p>\n<\/div><\/div>\n","protected":false},"excerpt":{"rendered":"<p>Aparentemente, la noticia es buena. En la casa digital de ma\u00f1ana (dentro de tres a\u00f1os m\u00e1s o menos) todos los aparatos comunicar\u00e1n sin trabas. Para entonces pasar del DVD player a la computadora, del tel\u00e9fono celular a la impresora, o ver fotos apenas tomadas en la pantalla del televisor, estar\u00e1 al alcance de las abuelas [&hellip;]<\/p>\n","protected":false},"author":2,"featured_media":0,"comment_status":"open","ping_status":"open","sticky":false,"template":"","format":"standard","meta":{"_crdt_document":"","jetpack_post_was_ever_published":false,"_jetpack_newsletter_access":"","_jetpack_dont_email_post_to_subs":false,"_jetpack_newsletter_tier_id":0,"_jetpack_memberships_contains_paywalled_content":false,"newspack_featured_image_position":"","newspack_post_subtitle":"","_jetpack_memberships_contains_paid_content":false,"footnotes":"","jetpack_publicize_message":"","jetpack_publicize_feature_enabled":true,"jetpack_social_post_already_shared":false,"jetpack_social_options":{"image_generator_settings":{"template":"highway","default_image_id":0,"font":"","enabled":false},"version":2}},"categories":[315,320,322],"tags":[],"class_list":["post-4304","post","type-post","status-publish","format-standard","hentry","category-espanol","category-newthink-2","category-technos-2","entry"],"yoast_head":"<!-- This site is optimized with the Yoast SEO plugin v27.4 - https:\/\/yoast.com\/product\/yoast-seo-wordpress\/ -->\n<title>M\u00e1s all\u00e1 de la convergencia: interoperabilidad y derechos digitales - Francis Pisani<\/title>\n<meta name=\"robots\" content=\"index, follow, max-snippet:-1, max-image-preview:large, max-video-preview:-1\" \/>\n<link rel=\"canonical\" href=\"https:\/\/www.francispisani.net\/es\/ms_all_de_la_co\/\" \/>\n<meta property=\"og:locale\" content=\"es_ES\" \/>\n<meta property=\"og:type\" content=\"article\" \/>\n<meta property=\"og:title\" content=\"M\u00e1s all\u00e1 de la convergencia: interoperabilidad y derechos digitales - Francis Pisani\" \/>\n<meta property=\"og:description\" content=\"Aparentemente, la noticia es buena. En la casa digital de ma\u00f1ana (dentro de tres a\u00f1os m\u00e1s o menos) todos los aparatos comunicar\u00e1n sin trabas. Para entonces pasar del DVD player a la computadora, del tel\u00e9fono celular a la impresora, o ver fotos apenas tomadas en la pantalla del televisor, estar\u00e1 al alcance de las abuelas [&hellip;]\" \/>\n<meta property=\"og:url\" content=\"https:\/\/www.francispisani.net\/es\/ms_all_de_la_co\/\" \/>\n<meta property=\"og:site_name\" content=\"FRANCIS PISANI\" \/>\n<meta property=\"article:publisher\" content=\"https:\/\/www.facebook.com\/francis.pisani\" \/>\n<meta property=\"article:author\" content=\"https:\/\/www.facebook.com\/francis.pisani\" \/>\n<meta property=\"article:published_time\" content=\"2003-07-01T07:00:00+00:00\" \/>\n<meta name=\"author\" content=\"Francis Pisani\" \/>\n<meta name=\"twitter:card\" content=\"summary_large_image\" \/>\n<meta name=\"twitter:creator\" content=\"@francispisani\" \/>\n<meta name=\"twitter:site\" content=\"@francispisani\" \/>\n<meta name=\"twitter:label1\" content=\"Escrito por\" \/>\n\t<meta name=\"twitter:data1\" content=\"Francis Pisani\" \/>\n\t<meta name=\"twitter:label2\" content=\"Tiempo de lectura\" \/>\n\t<meta name=\"twitter:data2\" content=\"3 minutos\" \/>\n<script type=\"application\/ld+json\" class=\"yoast-schema-graph\">{\"@context\":\"https:\\\/\\\/schema.org\",\"@graph\":[{\"@type\":\"Article\",\"@id\":\"https:\\\/\\\/www.francispisani.net\\\/es\\\/ms_all_de_la_co\\\/#article\",\"isPartOf\":{\"@id\":\"https:\\\/\\\/www.francispisani.net\\\/es\\\/ms_all_de_la_co\\\/\"},\"author\":{\"name\":\"Francis Pisani\",\"@id\":\"https:\\\/\\\/www.francispisani.net\\\/es\\\/#\\\/schema\\\/person\\\/23840424e18a129b90f71aba0809a74d\"},\"headline\":\"M\u00e1s all\u00e1 de la convergencia: interoperabilidad y derechos digitales &#8211; Francis Pisani\",\"datePublished\":\"2003-07-01T07:00:00+00:00\",\"mainEntityOfPage\":{\"@id\":\"https:\\\/\\\/www.francispisani.net\\\/es\\\/ms_all_de_la_co\\\/\"},\"wordCount\":713,\"commentCount\":0,\"publisher\":{\"@id\":\"https:\\\/\\\/www.francispisani.net\\\/es\\\/#\\\/schema\\\/person\\\/23840424e18a129b90f71aba0809a74d\"},\"articleSection\":[\"espa\u00f1ol\",\"newthink\",\"technos\"],\"inLanguage\":\"es\"},{\"@type\":\"WebPage\",\"@id\":\"https:\\\/\\\/www.francispisani.net\\\/es\\\/ms_all_de_la_co\\\/\",\"url\":\"https:\\\/\\\/www.francispisani.net\\\/es\\\/ms_all_de_la_co\\\/\",\"name\":\"M\u00e1s all\u00e1 de la convergencia: interoperabilidad y derechos digitales - Francis Pisani\",\"isPartOf\":{\"@id\":\"https:\\\/\\\/www.francispisani.net\\\/es\\\/#website\"},\"datePublished\":\"2003-07-01T07:00:00+00:00\",\"breadcrumb\":{\"@id\":\"https:\\\/\\\/www.francispisani.net\\\/es\\\/ms_all_de_la_co\\\/#breadcrumb\"},\"inLanguage\":\"es\",\"potentialAction\":[{\"@type\":\"ReadAction\",\"target\":[\"https:\\\/\\\/www.francispisani.net\\\/es\\\/ms_all_de_la_co\\\/\"]}]},{\"@type\":\"BreadcrumbList\",\"@id\":\"https:\\\/\\\/www.francispisani.net\\\/es\\\/ms_all_de_la_co\\\/#breadcrumb\",\"itemListElement\":[{\"@type\":\"ListItem\",\"position\":1,\"name\":\"Home\",\"item\":\"https:\\\/\\\/www.francispisani.net\\\/es\\\/\"},{\"@type\":\"ListItem\",\"position\":2,\"name\":\"M\u00e1s all\u00e1 de la convergencia: interoperabilidad y derechos digitales &#8211; Francis Pisani\"}]},{\"@type\":\"WebSite\",\"@id\":\"https:\\\/\\\/www.francispisani.net\\\/es\\\/#website\",\"url\":\"https:\\\/\\\/www.francispisani.net\\\/es\\\/\",\"name\":\"FRANCIS PISANI\",\"description\":\"\",\"publisher\":{\"@id\":\"https:\\\/\\\/www.francispisani.net\\\/es\\\/#\\\/schema\\\/person\\\/23840424e18a129b90f71aba0809a74d\"},\"potentialAction\":[{\"@type\":\"SearchAction\",\"target\":{\"@type\":\"EntryPoint\",\"urlTemplate\":\"https:\\\/\\\/www.francispisani.net\\\/es\\\/?s={search_term_string}\"},\"query-input\":{\"@type\":\"PropertyValueSpecification\",\"valueRequired\":true,\"valueName\":\"search_term_string\"}}],\"inLanguage\":\"es\"},{\"@type\":[\"Person\",\"Organization\"],\"@id\":\"https:\\\/\\\/www.francispisani.net\\\/es\\\/#\\\/schema\\\/person\\\/23840424e18a129b90f71aba0809a74d\",\"name\":\"Francis Pisani\",\"image\":{\"@type\":\"ImageObject\",\"inLanguage\":\"es\",\"@id\":\"https:\\\/\\\/i2.wp.com\\\/www.francispisani.net\\\/wp-content\\\/uploads\\\/2020\\\/08\\\/francis-pisani-photo.jpeg?fit=200%2C200&ssl=1\",\"url\":\"https:\\\/\\\/i2.wp.com\\\/www.francispisani.net\\\/wp-content\\\/uploads\\\/2020\\\/08\\\/francis-pisani-photo.jpeg?fit=200%2C200&ssl=1\",\"contentUrl\":\"https:\\\/\\\/i2.wp.com\\\/www.francispisani.net\\\/wp-content\\\/uploads\\\/2020\\\/08\\\/francis-pisani-photo.jpeg?fit=200%2C200&ssl=1\",\"width\":200,\"height\":200,\"caption\":\"Francis Pisani\"},\"logo\":{\"@id\":\"https:\\\/\\\/i2.wp.com\\\/www.francispisani.net\\\/wp-content\\\/uploads\\\/2020\\\/08\\\/francis-pisani-photo.jpeg?fit=200%2C200&ssl=1\"},\"description\":\"J\u2019enqu\u00eate, je suis et j\u2019analyse les technologies de l\u2019information et de la communication depuis la pr\u00e9histoire (1994). Piqu\u00e9 par la curiosit\u00e9 et l\u2019envie de comprendre ce que je sentais important, je suis all\u00e9 m\u2019installer dans la r\u00e9gion de San Francisco (janvier 1996) o\u00f9 j\u2019ai pass\u00e9 quinze ans \u00e0 enqu\u00eater sur ce qui s\u2019y faisait : l\u2019\u00e9mergence, le boom, le bust et la reprise. Un cycle complet \u00e0 la suite de quoi j\u2019ai trouv\u00e9 que m\u00eame \u00e0 Silicon Valley on peut se r\u00e9p\u00e9ter. En fait j\u2019ai la bougeotte. De retour en Europe (2010), j\u2019ai lanc\u00e9 un tour du monde de l\u2019innovation, le projet Winch 5 -- 45 villes, 32 pays entre septembre 2011 et octobre 2012 - enti\u00e8rement consacr\u00e9 \u00e0 l'\u00e9tude des conditions \u00e9conomiques, financi\u00e8res, culturelles et sociales du d\u00e9veloppement de l'innovation. J\u2019en a rapport\u00e9 des enseignements sur les meilleures fa\u00e7ons de la rendre possible, de l'encourager, de pr\u00e9parer individus, entreprises et nations \u00e0 participer ainsi \u00e0 la construction de leur propre futur. Une aventure fascinante qui m\u2019a permis de rencontrer des gens audacieux, dot\u00e9s d\u2019une grande intelligence ou d\u2019un grand c\u0153ur. Parfois les deux ensembles. Je donne r\u00e9guli\u00e8rement conf\u00e9rences et s\u00e9minaires sur ce sujet dans certaines entreprises fran\u00e7aises de poids : Bouygues Telecom, CapGemini, L'Or\u00e9al, SFR, SNCF, entre autres ainsi que dans des forums moins prestigieux mais dans lesquels l\u2019assistance est passionn\u00e9e Convaincu que l\u2019am\u00e9lioration de nos villes et de la d\u00e9mocratie locale est un enjeu technologique et social majeur, je viens de me lancer dans une nouvelle s\u00e9rie d\u2019enqu\u00eates \u2013 un tour du monde en plusieurs \u00e9tapes nomm\u00e9 Participolis - sur les villes intelligentes ou qui s\u2019efforcent de l\u2019\u00eatre : 20 villes entre janvier 2014 et avril 2015. Je le con\u00e7ois comme une tension constante entre deux p\u00f4les d\u2019un m\u00eame probl\u00e8me : CitySmarting ou l\u2019effort pour rendre les villes plus intelligentes gr\u00e2ce, notamment aux technologies de l\u2019information et Participolis, le fait qu\u2019un meilleur futur pour nos villes ne peut \u00e9merger que de notre participation \u00e0 leur conception et \u00e0 leur gestion. Mes articles et chroniques ont \u00e9t\u00e9 publi\u00e9s par plus de 100 m\u00e9dias sur quatre continents dont Le Monde, El Pa\u00eds (Madrid), Reforma (Mexico), The Next Web (Amsterdam) et Folha de S\u00e3o Paulo (Br\u00e9sil). J'enseigne aussi \u00e0 la Paris School of International Affairs de l'Institut d'\u00c9tudes Politiques de Paris et \u00e0 la WebSchoolFactory. J\u2019ai donn\u00e9 des cours \u00e0 l'Universit\u00e9 de Berkeley et \u00e0 l'Universit\u00e9 de Stanford. Je participe en temps qu\u2019expert au r\u00e9seau Netexplo. J\u2019ai publi\u00e9 plusieurs livres dont Comment le web change le monde, l'alchimie des multitudes (Pearson) avec Dominique Piotet (2008 et 2011). Quand je ne suis pas en vadrouille autour du monde, je vis entre Paris, Barcelone et Mexico. Mais toujours je suis int\u00e9ress\u00e9 par vos commentaires, critiques et suggestions. Francispisani \u00e0 gmailvousconnaissezlasuite Google http:\\\/\\\/tinyurl.com\\\/francispisani Twitter: @francispisani A tout de suite\u2026\",\"sameAs\":[\"https:\\\/\\\/www.francispisani.net\\\/\",\"https:\\\/\\\/www.facebook.com\\\/francis.pisani\",\"https:\\\/\\\/www.linkedin.com\\\/in\\\/francispisani\",\"https:\\\/\\\/x.com\\\/francispisani\",\"https:\\\/\\\/fr.wikipedia.org\\\/wiki\\\/Francis_Pisani\"],\"url\":\"https:\\\/\\\/www.francispisani.net\\\/es\\\/author\\\/francis-pisani\\\/\"}]}<\/script>\n<!-- \/ Yoast SEO plugin. -->","yoast_head_json":{"title":"M\u00e1s all\u00e1 de la convergencia: interoperabilidad y derechos digitales - Francis Pisani","robots":{"index":"index","follow":"follow","max-snippet":"max-snippet:-1","max-image-preview":"max-image-preview:large","max-video-preview":"max-video-preview:-1"},"canonical":"https:\/\/www.francispisani.net\/es\/ms_all_de_la_co\/","og_locale":"es_ES","og_type":"article","og_title":"M\u00e1s all\u00e1 de la convergencia: interoperabilidad y derechos digitales - Francis Pisani","og_description":"Aparentemente, la noticia es buena. En la casa digital de ma\u00f1ana (dentro de tres a\u00f1os m\u00e1s o menos) todos los aparatos comunicar\u00e1n sin trabas. Para entonces pasar del DVD player a la computadora, del tel\u00e9fono celular a la impresora, o ver fotos apenas tomadas en la pantalla del televisor, estar\u00e1 al alcance de las abuelas [&hellip;]","og_url":"https:\/\/www.francispisani.net\/es\/ms_all_de_la_co\/","og_site_name":"FRANCIS PISANI","article_publisher":"https:\/\/www.facebook.com\/francis.pisani","article_author":"https:\/\/www.facebook.com\/francis.pisani","article_published_time":"2003-07-01T07:00:00+00:00","author":"Francis Pisani","twitter_card":"summary_large_image","twitter_creator":"@francispisani","twitter_site":"@francispisani","twitter_misc":{"Escrito por":"Francis Pisani","Tiempo de lectura":"3 minutos"},"schema":{"@context":"https:\/\/schema.org","@graph":[{"@type":"Article","@id":"https:\/\/www.francispisani.net\/es\/ms_all_de_la_co\/#article","isPartOf":{"@id":"https:\/\/www.francispisani.net\/es\/ms_all_de_la_co\/"},"author":{"name":"Francis Pisani","@id":"https:\/\/www.francispisani.net\/es\/#\/schema\/person\/23840424e18a129b90f71aba0809a74d"},"headline":"M\u00e1s all\u00e1 de la convergencia: interoperabilidad y derechos digitales &#8211; Francis Pisani","datePublished":"2003-07-01T07:00:00+00:00","mainEntityOfPage":{"@id":"https:\/\/www.francispisani.net\/es\/ms_all_de_la_co\/"},"wordCount":713,"commentCount":0,"publisher":{"@id":"https:\/\/www.francispisani.net\/es\/#\/schema\/person\/23840424e18a129b90f71aba0809a74d"},"articleSection":["espa\u00f1ol","newthink","technos"],"inLanguage":"es"},{"@type":"WebPage","@id":"https:\/\/www.francispisani.net\/es\/ms_all_de_la_co\/","url":"https:\/\/www.francispisani.net\/es\/ms_all_de_la_co\/","name":"M\u00e1s all\u00e1 de la convergencia: interoperabilidad y derechos digitales - Francis Pisani","isPartOf":{"@id":"https:\/\/www.francispisani.net\/es\/#website"},"datePublished":"2003-07-01T07:00:00+00:00","breadcrumb":{"@id":"https:\/\/www.francispisani.net\/es\/ms_all_de_la_co\/#breadcrumb"},"inLanguage":"es","potentialAction":[{"@type":"ReadAction","target":["https:\/\/www.francispisani.net\/es\/ms_all_de_la_co\/"]}]},{"@type":"BreadcrumbList","@id":"https:\/\/www.francispisani.net\/es\/ms_all_de_la_co\/#breadcrumb","itemListElement":[{"@type":"ListItem","position":1,"name":"Home","item":"https:\/\/www.francispisani.net\/es\/"},{"@type":"ListItem","position":2,"name":"M\u00e1s all\u00e1 de la convergencia: interoperabilidad y derechos digitales &#8211; Francis Pisani"}]},{"@type":"WebSite","@id":"https:\/\/www.francispisani.net\/es\/#website","url":"https:\/\/www.francispisani.net\/es\/","name":"FRANCIS PISANI","description":"","publisher":{"@id":"https:\/\/www.francispisani.net\/es\/#\/schema\/person\/23840424e18a129b90f71aba0809a74d"},"potentialAction":[{"@type":"SearchAction","target":{"@type":"EntryPoint","urlTemplate":"https:\/\/www.francispisani.net\/es\/?s={search_term_string}"},"query-input":{"@type":"PropertyValueSpecification","valueRequired":true,"valueName":"search_term_string"}}],"inLanguage":"es"},{"@type":["Person","Organization"],"@id":"https:\/\/www.francispisani.net\/es\/#\/schema\/person\/23840424e18a129b90f71aba0809a74d","name":"Francis Pisani","image":{"@type":"ImageObject","inLanguage":"es","@id":"https:\/\/i2.wp.com\/www.francispisani.net\/wp-content\/uploads\/2020\/08\/francis-pisani-photo.jpeg?fit=200%2C200&ssl=1","url":"https:\/\/i2.wp.com\/www.francispisani.net\/wp-content\/uploads\/2020\/08\/francis-pisani-photo.jpeg?fit=200%2C200&ssl=1","contentUrl":"https:\/\/i2.wp.com\/www.francispisani.net\/wp-content\/uploads\/2020\/08\/francis-pisani-photo.jpeg?fit=200%2C200&ssl=1","width":200,"height":200,"caption":"Francis Pisani"},"logo":{"@id":"https:\/\/i2.wp.com\/www.francispisani.net\/wp-content\/uploads\/2020\/08\/francis-pisani-photo.jpeg?fit=200%2C200&ssl=1"},"description":"J\u2019enqu\u00eate, je suis et j\u2019analyse les technologies de l\u2019information et de la communication depuis la pr\u00e9histoire (1994). Piqu\u00e9 par la curiosit\u00e9 et l\u2019envie de comprendre ce que je sentais important, je suis all\u00e9 m\u2019installer dans la r\u00e9gion de San Francisco (janvier 1996) o\u00f9 j\u2019ai pass\u00e9 quinze ans \u00e0 enqu\u00eater sur ce qui s\u2019y faisait : l\u2019\u00e9mergence, le boom, le bust et la reprise. Un cycle complet \u00e0 la suite de quoi j\u2019ai trouv\u00e9 que m\u00eame \u00e0 Silicon Valley on peut se r\u00e9p\u00e9ter. En fait j\u2019ai la bougeotte. De retour en Europe (2010), j\u2019ai lanc\u00e9 un tour du monde de l\u2019innovation, le projet Winch 5 -- 45 villes, 32 pays entre septembre 2011 et octobre 2012 - enti\u00e8rement consacr\u00e9 \u00e0 l'\u00e9tude des conditions \u00e9conomiques, financi\u00e8res, culturelles et sociales du d\u00e9veloppement de l'innovation. J\u2019en a rapport\u00e9 des enseignements sur les meilleures fa\u00e7ons de la rendre possible, de l'encourager, de pr\u00e9parer individus, entreprises et nations \u00e0 participer ainsi \u00e0 la construction de leur propre futur. Une aventure fascinante qui m\u2019a permis de rencontrer des gens audacieux, dot\u00e9s d\u2019une grande intelligence ou d\u2019un grand c\u0153ur. Parfois les deux ensembles. Je donne r\u00e9guli\u00e8rement conf\u00e9rences et s\u00e9minaires sur ce sujet dans certaines entreprises fran\u00e7aises de poids : Bouygues Telecom, CapGemini, L'Or\u00e9al, SFR, SNCF, entre autres ainsi que dans des forums moins prestigieux mais dans lesquels l\u2019assistance est passionn\u00e9e Convaincu que l\u2019am\u00e9lioration de nos villes et de la d\u00e9mocratie locale est un enjeu technologique et social majeur, je viens de me lancer dans une nouvelle s\u00e9rie d\u2019enqu\u00eates \u2013 un tour du monde en plusieurs \u00e9tapes nomm\u00e9 Participolis - sur les villes intelligentes ou qui s\u2019efforcent de l\u2019\u00eatre : 20 villes entre janvier 2014 et avril 2015. Je le con\u00e7ois comme une tension constante entre deux p\u00f4les d\u2019un m\u00eame probl\u00e8me : CitySmarting ou l\u2019effort pour rendre les villes plus intelligentes gr\u00e2ce, notamment aux technologies de l\u2019information et Participolis, le fait qu\u2019un meilleur futur pour nos villes ne peut \u00e9merger que de notre participation \u00e0 leur conception et \u00e0 leur gestion. Mes articles et chroniques ont \u00e9t\u00e9 publi\u00e9s par plus de 100 m\u00e9dias sur quatre continents dont Le Monde, El Pa\u00eds (Madrid), Reforma (Mexico), The Next Web (Amsterdam) et Folha de S\u00e3o Paulo (Br\u00e9sil). J'enseigne aussi \u00e0 la Paris School of International Affairs de l'Institut d'\u00c9tudes Politiques de Paris et \u00e0 la WebSchoolFactory. J\u2019ai donn\u00e9 des cours \u00e0 l'Universit\u00e9 de Berkeley et \u00e0 l'Universit\u00e9 de Stanford. Je participe en temps qu\u2019expert au r\u00e9seau Netexplo. J\u2019ai publi\u00e9 plusieurs livres dont Comment le web change le monde, l'alchimie des multitudes (Pearson) avec Dominique Piotet (2008 et 2011). Quand je ne suis pas en vadrouille autour du monde, je vis entre Paris, Barcelone et Mexico. Mais toujours je suis int\u00e9ress\u00e9 par vos commentaires, critiques et suggestions. Francispisani \u00e0 gmailvousconnaissezlasuite Google http:\/\/tinyurl.com\/francispisani Twitter: @francispisani A tout de suite\u2026","sameAs":["https:\/\/www.francispisani.net\/","https:\/\/www.facebook.com\/francis.pisani","https:\/\/www.linkedin.com\/in\/francispisani","https:\/\/x.com\/francispisani","https:\/\/fr.wikipedia.org\/wiki\/Francis_Pisani"],"url":"https:\/\/www.francispisani.net\/es\/author\/francis-pisani\/"}]}},"jetpack_publicize_connections":[],"jetpack_featured_media_url":"","jetpack-related-posts":[{"id":4510,"url":"https:\/\/www.francispisani.net\/es\/wikipedia_una_e\/","url_meta":{"origin":4304,"position":0},"title":"Wikipedia, una enciclopedia escrita por los internautas &#8211; Francis Pisani","author":"Francis Pisani","date":"7 de enero de 2004","format":false,"excerpt":"Una de las aventuras m\u00e1s sorprendentes de la red es probablemente la tentativa de escribir una enciclopedia a la redacci\u00f3n de la cual cualquier internauta puede participar a su antojo. Basada en la tecnolog\u00eda de los Wikis de la cual hemos hablado hace poco (ver Reforma del 15 de diciembre)\u2026","rel":"","context":"En \u00abespa\u00f1ol\u00bb","block_context":{"text":"espa\u00f1ol","link":"https:\/\/www.francispisani.net\/es\/espanol\/"},"img":{"alt_text":"","src":"","width":0,"height":0},"classes":[]},{"id":4540,"url":"https:\/\/www.francispisani.net\/es\/informtica_capi\/","url_meta":{"origin":4304,"position":1},"title":"Inform\u00e1tica, capital organizacional y f\u00fatbol &#8211; Francis Pisani","author":"Francis Pisani","date":"14 de abril de 2004","format":false,"excerpt":"Los libros siguen teniendo un impacto sobre la inform\u00e1tica. Tal parece ser el destino de la obra de Nicholas Carr de la Harvard Business Review reci\u00e9n publicada el 8 de abril bajo el t\u00edtulo \"Does IT Matter?\" cuya traducci\u00f3n puede ser a la vez \"Acaso cuenta?\" o, m\u00e1s precisamente \"Acaso\u2026","rel":"","context":"En \u00abbusiness\u00bb","block_context":{"text":"business","link":"https:\/\/www.francispisani.net\/es\/business-2\/"},"img":{"alt_text":"","src":"","width":0,"height":0},"classes":[]},{"id":4494,"url":"https:\/\/www.francispisani.net\/es\/usar_la_interne\/","url_meta":{"origin":4304,"position":2},"title":"Usar la internet estrat\u00e9gicamente &#8211; Francis Pisani","author":"Francis Pisani","date":"25 de noviembre de 2003","format":false,"excerpt":"La sociedad civil global \u2013 desde Amnesty International hasta los altermundialistas de Miami, Barcelona o Porto Alegre \u2013 no existir\u00eda sin la internet. Un n\u00famero considerable de organizaciones, aun peque\u00f1as, aun del sur, tienen ahora acceso a la red. Pero habr\u00eda que preguntarse si la usan eficazmente o, para tomar\u2026","rel":"","context":"En \u00abespa\u00f1ol\u00bb","block_context":{"text":"espa\u00f1ol","link":"https:\/\/www.francispisani.net\/es\/espanol\/"},"img":{"alt_text":"","src":"","width":0,"height":0},"classes":[]},{"id":4496,"url":"https:\/\/www.francispisani.net\/es\/la_elite_tecno\/","url_meta":{"origin":4304,"position":3},"title":"La &#8216;elite tecnol\u00f3gica&#8217; y los dem\u00e1s &#8211; Francis Pisani","author":"Francis Pisani","date":"3 de diciembre de 2003","format":false,"excerpt":"Una tercera parte de los estadounidenses componen una llamada \"elite tecnol\u00f3gica\", la minor\u00eda activa que adopta primero los nuevos productos, los utiliza m\u00e1s activamente, gasta m\u00e1s dinero para conseguirlos y no podr\u00eda vivir sin ellos. Un estudio publicado el 24 de noviembre por el Pew Internet & American Life Project,\u2026","rel":"","context":"En \u00abespa\u00f1ol\u00bb","block_context":{"text":"espa\u00f1ol","link":"https:\/\/www.francispisani.net\/es\/espanol\/"},"img":{"alt_text":"","src":"","width":0,"height":0},"classes":[]},{"id":2766,"url":"https:\/\/www.francispisani.net\/es\/el_verdadero_re\/","url_meta":{"origin":4304,"position":4},"title":"El verdadero reto de las tecnolog\u00edas de participaci\u00f3n &#8211; Francis Pisani","author":"Francis Pisani","date":"23 de septiembre de 2006","format":false,"excerpt":"Afirmar quedentro de diez a\u00f1os el primer medio de distribuci\u00f3n de los mayores peri\u00f3dicosde Am\u00e9rica Latina ser\u00e1 la web y que el aparato privilegiado para acceder alcontenido producido por ellos ser\u00e1 el tel\u00e9fono celular ser\u00eda provocar. Podr\u00edanser cinco a\u00f1os m\u00e1s, o dos menos. No importa. Tal discusi\u00f3n nos desviar\u00eda delreto\u2026","rel":"","context":"En \u00abespa\u00f1ol\u00bb","block_context":{"text":"espa\u00f1ol","link":"https:\/\/www.francispisani.net\/es\/espanol\/"},"img":{"alt_text":"","src":"","width":0,"height":0},"classes":[]},{"id":4566,"url":"https:\/\/www.francispisani.net\/es\/internet_y_prod\/","url_meta":{"origin":4304,"position":5},"title":"Internet y productividad &#8211; Francis Pisani","author":"Francis Pisani","date":"7 de julio de 2004","format":false,"excerpt":"La productividad de los trabajadores norteamericanos aument\u00f3 en un 3,8% por a\u00f1o al final del primer trimestre del 2004, seg\u00fan cifras de la Secretar\u00eda del trabajo. A lo cual hace falta agregar un aumento de las ganancias de las empresas del 21% durante el segundo trimestre, avance atribuido a la\u2026","rel":"","context":"En \u00abbusiness\u00bb","block_context":{"text":"business","link":"https:\/\/www.francispisani.net\/es\/business-2\/"},"img":{"alt_text":"","src":"","width":0,"height":0},"classes":[]}],"jetpack_sharing_enabled":true,"jetpack_likes_enabled":true,"amp_enabled":true,"_links":{"self":[{"href":"https:\/\/www.francispisani.net\/es\/wp-json\/wp\/v2\/posts\/4304","targetHints":{"allow":["GET"]}}],"collection":[{"href":"https:\/\/www.francispisani.net\/es\/wp-json\/wp\/v2\/posts"}],"about":[{"href":"https:\/\/www.francispisani.net\/es\/wp-json\/wp\/v2\/types\/post"}],"author":[{"embeddable":true,"href":"https:\/\/www.francispisani.net\/es\/wp-json\/wp\/v2\/users\/2"}],"replies":[{"embeddable":true,"href":"https:\/\/www.francispisani.net\/es\/wp-json\/wp\/v2\/comments?post=4304"}],"version-history":[{"count":0,"href":"https:\/\/www.francispisani.net\/es\/wp-json\/wp\/v2\/posts\/4304\/revisions"}],"wp:attachment":[{"href":"https:\/\/www.francispisani.net\/es\/wp-json\/wp\/v2\/media?parent=4304"}],"wp:term":[{"taxonomy":"category","embeddable":true,"href":"https:\/\/www.francispisani.net\/es\/wp-json\/wp\/v2\/categories?post=4304"},{"taxonomy":"post_tag","embeddable":true,"href":"https:\/\/www.francispisani.net\/es\/wp-json\/wp\/v2\/tags?post=4304"}],"curies":[{"name":"wp","href":"https:\/\/api.w.org\/{rel}","templated":true}]}}