{"id":914,"date":"2005-08-24T09:00:00","date_gmt":"2005-08-24T07:00:00","guid":{"rendered":"https:\/\/fpisani.wpengine.com\/redes_inalmbric\/"},"modified":"2005-08-24T09:00:00","modified_gmt":"2005-08-24T07:00:00","slug":"redes_inalmbric","status":"publish","type":"post","link":"https:\/\/www.francispisani.net\/es\/redes_inalmbric\/","title":{"rendered":"Redes inal\u00e1mbricas: tecnolog\u00eda y democratizaci\u00f3n &#8211; Francis Pisani"},"content":{"rendered":"<div class=\"ob-sections\">\n<div class=\"ob-section ob-section-html\">\n<p><span lang=\"ES-MX\">Es f\u00e1cilafirmar que las tecnolog\u00edas de comunicaci\u00f3n inal\u00e1mbrica constituyen unaoportunidad para los pa\u00edses en v\u00eda de desarrollo, en particular para sus zonasrurales, en la medida en la cual permiten ahorrar el costo del cableado. Talvez lo m\u00e1s interesante sea que pueden ser implementadas por municipalidades,peque\u00f1os empresarios y comunidades seg\u00fan nos explic\u00f3 Hern\u00e1n Galper\u00edn profesorde la Universidad de California del Sur (USC) en Los \u00c1ngeles.<\/span><\/p>\n<p>San Francisco, California, 21.ago.05<\/p>\n<p><!--more--><\/p>\n<p><span lang=\"ES-MX\"><\/p>\n<p><\/span><\/p>\n<p class=\"MsoNormal\"><span lang=\"ES-MX\">Latelefon\u00eda tradicional fue instalada seg\u00fan un modelo \u201ctop down\u201d, de arriba haciaabajo. \u201cFunciona de manera eficiente en los mercados rentables y maduros, enlos cuales los grandes operadores aprovechan sus econom\u00edas de escala para atendera una demanda constante de servicios relativamente sofisticados\u201d me escribi\u00f3Galper\u00edn (rcf.usc.edu\/~hernang\/).<\/p>\n<p><\/span><\/p>\n<p class=\"MsoNormal\"><span lang=\"ES-MX\">Esos mismosoperadores, sin embargo, tienen poco inter\u00e9s en prestar servicios en losmercados menos rentables como son las zonas poco pobladas o de escasosrecursos. Los estados de los pa\u00edses desarrollados resuelven el problema consubsidios lo que no se puede hacer los de Am\u00e9rica Latina y del Caribe por faltade dinero y de capacidad administrativa, \u201cde ah\u00ed la gran cantidad de poblaci\u00f3nsin acceso a las tecnolog\u00edas de la informaci\u00f3n y la comunicaci\u00f3n (TIC) en laregi\u00f3n.\u201d<\/p>\n<p><\/span><\/p>\n<p class=\"MsoNormal\"><span lang=\"ES-MX\">Lo bajosprecios y la sencillez de implementaci\u00f3n de redes inal\u00e1mbricas tipo WiFi presentanuna alternativa al articularse con un modelo de desarrollo\u00a0 \u201cbottom-up\u201d, de abajo hacia arriba, explica Galper\u00edn,diplomado de la Universidad de Stanford, nacido en Buenos Aires y profesorasociado de la Universidad de San Andr\u00e9s (Argentina). \u201cSe refiere a lamovilizaci\u00f3n de recursos a nivel local para el desarrollo de redes TIC de peque\u00f1aescala que utilizan tecnolog\u00edas de bajo costo y modelos de negocio notradicionales para el suministro de servicios.\u201d <\/p>\n<p><\/span><\/p>\n<p class=\"MsoNormal\"><span lang=\"ES-MX\">El \u00e9xito delos cibercaf\u00e9s y las telecabinas que han surgido en varios lugares de AL&amp;Cse puede entender en este contexto. \u201cSe desarrollan en base al esfuerzo depeque\u00f1os emprendedores locales que compran acceso a los grandes operadores y lorevenden agregando una variedad de servicios de \u2018valor agregado\u2019 que pueden irdesde training hasta VoIP. Hay cada vez m\u00e1s experiencias de redes inal\u00e1mbricasmunicipales en ciudades peque\u00f1as o medianas como Pirari (Brasil) y Bucaramanga(Colombia). Han surgido algunas comunidades inal\u00e1mbricas de usuarios en lasgrandes capitales as\u00ed como tambi\u00e9n en algunos pueblos rurales impulsadas porONGs.\u201d Una de ellas en el valle de Chancay-Huaral en el Per\u00fa que Galper\u00edndescribe en un art\u00edculo intitulado Wireless Networks and Rural Development:Opportunities for Latin America.<\/p>\n<p><\/span><\/p>\n<p class=\"MsoNormal\"><span lang=\"ES-MX\">Los mayoresproblemas para un modelo de este tipo provienen de la falta de recursos humanosy de financiamiento. Los gobiernos deben \u201ccambiar las reglas de competencia dise\u00f1adas pensando en grandesoperadores privados\u201d tomando en cuenta, en particular el hecho que \u201cen ciertas \u00e1reasla \u00fanica manera de ofrecer servicios de modo rentable es hacerlo con otrosest\u00e1ndares de ingenier\u00eda y servicio,\u201d me escribi\u00f3 por email. Deben adaptar losmarcos regulatorios a esos actores no tradicionales cuya existencia, a veces,ni contemplan.<\/p>\n<p><\/span><\/p>\n<p class=\"MsoNormal\"><span lang=\"ES-MX\">Laexperiencia, seg\u00fan Galper\u00edn que funge como coordinador del Dialogo Regionalsobre Sociedad de la Informaci\u00f3n (DIRSI), \u201cindica que el modelo de abajo haciaarriba puede ser mas sustentable a largo plazo ya que no depende de recursos p\u00fablicos,y que existe mayor compromiso de la comunidad en sostener el proyecto.\u201d Estimulaadem\u00e1s \u201cal empresariado local, el desarrollo de capacidades de gesti\u00f3n en lacomunidad, as\u00ed como el promover v\u00ednculos y lazos sociales (i.e. socialcapital).\u201d <\/p>\n<p><\/span><\/p>\n<p class=\"MsoNormal\"><span lang=\"ES-MX\">Lejos deser anti-mercado, el modelo \u201cpropone diversificar los actores\u201d incluyendo, allado de los grandes operadores, \u201clas municipalidades, los peque\u00f1osemprendedores de telecentro y todos aquellos que quieran ofrecer servicios TICal publico. Por eso muchas veces lo llamamos pro-pobres, pro-mercado.\u201d<\/p>\n<p><\/span><\/p>\n<p class=\"MsoNormal\"><span lang=\"ES-MX\">Laimplementaci\u00f3n de redes inal\u00e1mbricas en zonas rurales siguiendo el modelo deabajo hacia arriba contribuye al desarrollo econ\u00f3mico y social de lascomunidades y a la descentralizaci\u00f3n. Despu\u00e9s de varios a\u00f1os de estudio deltema en la regi\u00f3n, Hern\u00e1n Galper\u00edn se dice convencido, adem\u00e1s, que \u201cEl modelo \u2018bottomup\u2019 se enmarca perfectamente dentro de los procesos de democratizaci\u00f3n\u201d.<\/p>\n<p><\/span><\/p>\n<p class=\"MsoNormal\"><span lang=\"ES-MX\"><\/p>\n<p>\u00a0<\/p>\n<p><\/span><\/p>\n<p class=\"MsoNormal\" style=\"margin-left: 0in; text-indent: 0in;\"><span lang=\"ES-MX\">Hern\u00e1n Galper\u00edn <a href=\"http:\/\/www-rcf.usc.edu\/~hernang\/index.html\">http:\/\/www-rcf.usc.edu\/~hernang\/index.html<\/a><\/p>\n<p><\/span><\/p>\n<p class=\"MsoNormal\" style=\"margin-left: 0in; text-indent: 0in;\"><span lang=\"ES-MX\">Wireless Networks and Rural Development:Opportunities for Latin America <a href=\"http:\/\/www-rcf.usc.edu\/~hernang\/1007-ITID_2-3_Master_03-Galperin.pdf\">http:\/\/www-rcf.usc.edu\/~hernang\/1007-ITID_2-3_Master_03-Galperin.pdf<\/a><\/p>\n<p><\/span><\/p>\n<p class=\"MsoNormal\" style=\"margin-left: 0in; text-indent: 0in;\"><span lang=\"ES-MX\">Sobre el DIRSI <a href=\"http:\/\/www-rcf.usc.edu\/~hernang\/Plan%20de%20Trabajo.pdf\">http:\/\/www-rcf.usc.edu\/~hernang\/Plan%20de%20Trabajo.pdf<\/a><\/p>\n<p><\/span><\/p>\n<\/div><\/div>\n","protected":false},"excerpt":{"rendered":"<p>Es f\u00e1cilafirmar que las tecnolog\u00edas de comunicaci\u00f3n inal\u00e1mbrica constituyen unaoportunidad para los pa\u00edses en v\u00eda de desarrollo, en particular para sus zonasrurales, en la medida en la cual permiten ahorrar el costo del cableado. Talvez lo m\u00e1s interesante sea que pueden ser implementadas por municipalidades,peque\u00f1os empresarios y comunidades seg\u00fan nos explic\u00f3 Hern\u00e1n Galper\u00edn profesorde la [&hellip;]<\/p>\n","protected":false},"author":2,"featured_media":0,"comment_status":"open","ping_status":"open","sticky":false,"template":"","format":"standard","meta":{"_crdt_document":"","jetpack_post_was_ever_published":false,"_jetpack_newsletter_access":"","_jetpack_dont_email_post_to_subs":false,"_jetpack_newsletter_tier_id":0,"_jetpack_memberships_contains_paywalled_content":false,"newspack_featured_image_position":"","newspack_post_subtitle":"","_jetpack_memberships_contains_paid_content":false,"footnotes":"","jetpack_publicize_message":"","jetpack_publicize_feature_enabled":true,"jetpack_social_post_already_shared":false,"jetpack_social_options":{"image_generator_settings":{"template":"highway","default_image_id":0,"font":"","enabled":false},"version":2}},"categories":[3],"tags":[],"class_list":["post-914","post","type-post","status-publish","format-standard","hentry","category-sin-categorizar","entry"],"yoast_head":"<!-- This site is optimized with the Yoast SEO plugin v27.5 - https:\/\/yoast.com\/product\/yoast-seo-wordpress\/ -->\n<title>Redes inal\u00e1mbricas: tecnolog\u00eda y democratizaci\u00f3n - Francis Pisani<\/title>\n<meta name=\"robots\" content=\"index, follow, max-snippet:-1, max-image-preview:large, max-video-preview:-1\" \/>\n<link rel=\"canonical\" href=\"https:\/\/www.francispisani.net\/es\/redes_inalmbric\/\" \/>\n<meta property=\"og:locale\" content=\"es_ES\" \/>\n<meta property=\"og:type\" content=\"article\" \/>\n<meta property=\"og:title\" content=\"Redes inal\u00e1mbricas: tecnolog\u00eda y democratizaci\u00f3n - Francis Pisani\" \/>\n<meta property=\"og:description\" content=\"Es f\u00e1cilafirmar que las tecnolog\u00edas de comunicaci\u00f3n inal\u00e1mbrica constituyen unaoportunidad para los pa\u00edses en v\u00eda de desarrollo, en particular para sus zonasrurales, en la medida en la cual permiten ahorrar el costo del cableado. Talvez lo m\u00e1s interesante sea que pueden ser implementadas por municipalidades,peque\u00f1os empresarios y comunidades seg\u00fan nos explic\u00f3 Hern\u00e1n Galper\u00edn profesorde la [&hellip;]\" \/>\n<meta property=\"og:url\" content=\"https:\/\/www.francispisani.net\/es\/redes_inalmbric\/\" \/>\n<meta property=\"og:site_name\" content=\"FRANCIS PISANI\" \/>\n<meta property=\"article:publisher\" content=\"https:\/\/www.facebook.com\/francis.pisani\" \/>\n<meta property=\"article:author\" content=\"https:\/\/www.facebook.com\/francis.pisani\" \/>\n<meta property=\"article:published_time\" content=\"2005-08-24T07:00:00+00:00\" \/>\n<meta name=\"author\" content=\"Francis Pisani\" \/>\n<meta name=\"twitter:card\" content=\"summary_large_image\" \/>\n<meta name=\"twitter:creator\" content=\"@francispisani\" \/>\n<meta name=\"twitter:site\" content=\"@francispisani\" \/>\n<meta name=\"twitter:label1\" content=\"Escrito por\" \/>\n\t<meta name=\"twitter:data1\" content=\"Francis Pisani\" \/>\n\t<meta name=\"twitter:label2\" content=\"Tiempo de lectura\" \/>\n\t<meta name=\"twitter:data2\" content=\"4 minutos\" \/>\n<script type=\"application\/ld+json\" class=\"yoast-schema-graph\">{\"@context\":\"https:\\\/\\\/schema.org\",\"@graph\":[{\"@type\":\"Article\",\"@id\":\"https:\\\/\\\/www.francispisani.net\\\/es\\\/redes_inalmbric\\\/#article\",\"isPartOf\":{\"@id\":\"https:\\\/\\\/www.francispisani.net\\\/es\\\/redes_inalmbric\\\/\"},\"author\":{\"name\":\"Francis Pisani\",\"@id\":\"https:\\\/\\\/www.francispisani.net\\\/es\\\/#\\\/schema\\\/person\\\/23840424e18a129b90f71aba0809a74d\"},\"headline\":\"Redes inal\u00e1mbricas: tecnolog\u00eda y democratizaci\u00f3n &#8211; Francis Pisani\",\"datePublished\":\"2005-08-24T07:00:00+00:00\",\"mainEntityOfPage\":{\"@id\":\"https:\\\/\\\/www.francispisani.net\\\/es\\\/redes_inalmbric\\\/\"},\"wordCount\":741,\"commentCount\":0,\"publisher\":{\"@id\":\"https:\\\/\\\/www.francispisani.net\\\/es\\\/#\\\/schema\\\/person\\\/23840424e18a129b90f71aba0809a74d\"},\"articleSection\":[\"Sin categorizar\"],\"inLanguage\":\"es\"},{\"@type\":\"WebPage\",\"@id\":\"https:\\\/\\\/www.francispisani.net\\\/es\\\/redes_inalmbric\\\/\",\"url\":\"https:\\\/\\\/www.francispisani.net\\\/es\\\/redes_inalmbric\\\/\",\"name\":\"Redes inal\u00e1mbricas: tecnolog\u00eda y democratizaci\u00f3n - Francis Pisani\",\"isPartOf\":{\"@id\":\"https:\\\/\\\/www.francispisani.net\\\/es\\\/#website\"},\"datePublished\":\"2005-08-24T07:00:00+00:00\",\"breadcrumb\":{\"@id\":\"https:\\\/\\\/www.francispisani.net\\\/es\\\/redes_inalmbric\\\/#breadcrumb\"},\"inLanguage\":\"es\",\"potentialAction\":[{\"@type\":\"ReadAction\",\"target\":[\"https:\\\/\\\/www.francispisani.net\\\/es\\\/redes_inalmbric\\\/\"]}]},{\"@type\":\"BreadcrumbList\",\"@id\":\"https:\\\/\\\/www.francispisani.net\\\/es\\\/redes_inalmbric\\\/#breadcrumb\",\"itemListElement\":[{\"@type\":\"ListItem\",\"position\":1,\"name\":\"Home\",\"item\":\"https:\\\/\\\/www.francispisani.net\\\/es\\\/\"},{\"@type\":\"ListItem\",\"position\":2,\"name\":\"Redes inal\u00e1mbricas: tecnolog\u00eda y democratizaci\u00f3n &#8211; Francis Pisani\"}]},{\"@type\":\"WebSite\",\"@id\":\"https:\\\/\\\/www.francispisani.net\\\/es\\\/#website\",\"url\":\"https:\\\/\\\/www.francispisani.net\\\/es\\\/\",\"name\":\"FRANCIS PISANI\",\"description\":\"\",\"publisher\":{\"@id\":\"https:\\\/\\\/www.francispisani.net\\\/es\\\/#\\\/schema\\\/person\\\/23840424e18a129b90f71aba0809a74d\"},\"potentialAction\":[{\"@type\":\"SearchAction\",\"target\":{\"@type\":\"EntryPoint\",\"urlTemplate\":\"https:\\\/\\\/www.francispisani.net\\\/es\\\/?s={search_term_string}\"},\"query-input\":{\"@type\":\"PropertyValueSpecification\",\"valueRequired\":true,\"valueName\":\"search_term_string\"}}],\"inLanguage\":\"es\"},{\"@type\":[\"Person\",\"Organization\"],\"@id\":\"https:\\\/\\\/www.francispisani.net\\\/es\\\/#\\\/schema\\\/person\\\/23840424e18a129b90f71aba0809a74d\",\"name\":\"Francis Pisani\",\"image\":{\"@type\":\"ImageObject\",\"inLanguage\":\"es\",\"@id\":\"https:\\\/\\\/i2.wp.com\\\/www.francispisani.net\\\/wp-content\\\/uploads\\\/2020\\\/08\\\/francis-pisani-photo.jpeg?fit=200%2C200&ssl=1\",\"url\":\"https:\\\/\\\/i2.wp.com\\\/www.francispisani.net\\\/wp-content\\\/uploads\\\/2020\\\/08\\\/francis-pisani-photo.jpeg?fit=200%2C200&ssl=1\",\"contentUrl\":\"https:\\\/\\\/i2.wp.com\\\/www.francispisani.net\\\/wp-content\\\/uploads\\\/2020\\\/08\\\/francis-pisani-photo.jpeg?fit=200%2C200&ssl=1\",\"width\":200,\"height\":200,\"caption\":\"Francis Pisani\"},\"logo\":{\"@id\":\"https:\\\/\\\/i2.wp.com\\\/www.francispisani.net\\\/wp-content\\\/uploads\\\/2020\\\/08\\\/francis-pisani-photo.jpeg?fit=200%2C200&ssl=1\"},\"description\":\"J\u2019enqu\u00eate, je suis et j\u2019analyse les technologies de l\u2019information et de la communication depuis la pr\u00e9histoire (1994). Piqu\u00e9 par la curiosit\u00e9 et l\u2019envie de comprendre ce que je sentais important, je suis all\u00e9 m\u2019installer dans la r\u00e9gion de San Francisco (janvier 1996) o\u00f9 j\u2019ai pass\u00e9 quinze ans \u00e0 enqu\u00eater sur ce qui s\u2019y faisait : l\u2019\u00e9mergence, le boom, le bust et la reprise. Un cycle complet \u00e0 la suite de quoi j\u2019ai trouv\u00e9 que m\u00eame \u00e0 Silicon Valley on peut se r\u00e9p\u00e9ter. En fait j\u2019ai la bougeotte. De retour en Europe (2010), j\u2019ai lanc\u00e9 un tour du monde de l\u2019innovation, le projet Winch 5 -- 45 villes, 32 pays entre septembre 2011 et octobre 2012 - enti\u00e8rement consacr\u00e9 \u00e0 l'\u00e9tude des conditions \u00e9conomiques, financi\u00e8res, culturelles et sociales du d\u00e9veloppement de l'innovation. J\u2019en a rapport\u00e9 des enseignements sur les meilleures fa\u00e7ons de la rendre possible, de l'encourager, de pr\u00e9parer individus, entreprises et nations \u00e0 participer ainsi \u00e0 la construction de leur propre futur. Une aventure fascinante qui m\u2019a permis de rencontrer des gens audacieux, dot\u00e9s d\u2019une grande intelligence ou d\u2019un grand c\u0153ur. Parfois les deux ensembles. Je donne r\u00e9guli\u00e8rement conf\u00e9rences et s\u00e9minaires sur ce sujet dans certaines entreprises fran\u00e7aises de poids : Bouygues Telecom, CapGemini, L'Or\u00e9al, SFR, SNCF, entre autres ainsi que dans des forums moins prestigieux mais dans lesquels l\u2019assistance est passionn\u00e9e Convaincu que l\u2019am\u00e9lioration de nos villes et de la d\u00e9mocratie locale est un enjeu technologique et social majeur, je viens de me lancer dans une nouvelle s\u00e9rie d\u2019enqu\u00eates \u2013 un tour du monde en plusieurs \u00e9tapes nomm\u00e9 Participolis - sur les villes intelligentes ou qui s\u2019efforcent de l\u2019\u00eatre : 20 villes entre janvier 2014 et avril 2015. Je le con\u00e7ois comme une tension constante entre deux p\u00f4les d\u2019un m\u00eame probl\u00e8me : CitySmarting ou l\u2019effort pour rendre les villes plus intelligentes gr\u00e2ce, notamment aux technologies de l\u2019information et Participolis, le fait qu\u2019un meilleur futur pour nos villes ne peut \u00e9merger que de notre participation \u00e0 leur conception et \u00e0 leur gestion. Mes articles et chroniques ont \u00e9t\u00e9 publi\u00e9s par plus de 100 m\u00e9dias sur quatre continents dont Le Monde, El Pa\u00eds (Madrid), Reforma (Mexico), The Next Web (Amsterdam) et Folha de S\u00e3o Paulo (Br\u00e9sil). J'enseigne aussi \u00e0 la Paris School of International Affairs de l'Institut d'\u00c9tudes Politiques de Paris et \u00e0 la WebSchoolFactory. J\u2019ai donn\u00e9 des cours \u00e0 l'Universit\u00e9 de Berkeley et \u00e0 l'Universit\u00e9 de Stanford. Je participe en temps qu\u2019expert au r\u00e9seau Netexplo. J\u2019ai publi\u00e9 plusieurs livres dont Comment le web change le monde, l'alchimie des multitudes (Pearson) avec Dominique Piotet (2008 et 2011). Quand je ne suis pas en vadrouille autour du monde, je vis entre Paris, Barcelone et Mexico. Mais toujours je suis int\u00e9ress\u00e9 par vos commentaires, critiques et suggestions. Francispisani \u00e0 gmailvousconnaissezlasuite Google http:\\\/\\\/tinyurl.com\\\/francispisani Twitter: @francispisani A tout de suite\u2026\",\"sameAs\":[\"https:\\\/\\\/www.francispisani.net\\\/\",\"https:\\\/\\\/www.facebook.com\\\/francis.pisani\",\"https:\\\/\\\/www.linkedin.com\\\/in\\\/francispisani\",\"https:\\\/\\\/x.com\\\/francispisani\",\"https:\\\/\\\/fr.wikipedia.org\\\/wiki\\\/Francis_Pisani\"],\"url\":\"https:\\\/\\\/www.francispisani.net\\\/es\\\/author\\\/francis-pisani\\\/\"}]}<\/script>\n<!-- \/ Yoast SEO plugin. -->","yoast_head_json":{"title":"Redes inal\u00e1mbricas: tecnolog\u00eda y democratizaci\u00f3n - Francis Pisani","robots":{"index":"index","follow":"follow","max-snippet":"max-snippet:-1","max-image-preview":"max-image-preview:large","max-video-preview":"max-video-preview:-1"},"canonical":"https:\/\/www.francispisani.net\/es\/redes_inalmbric\/","og_locale":"es_ES","og_type":"article","og_title":"Redes inal\u00e1mbricas: tecnolog\u00eda y democratizaci\u00f3n - Francis Pisani","og_description":"Es f\u00e1cilafirmar que las tecnolog\u00edas de comunicaci\u00f3n inal\u00e1mbrica constituyen unaoportunidad para los pa\u00edses en v\u00eda de desarrollo, en particular para sus zonasrurales, en la medida en la cual permiten ahorrar el costo del cableado. Talvez lo m\u00e1s interesante sea que pueden ser implementadas por municipalidades,peque\u00f1os empresarios y comunidades seg\u00fan nos explic\u00f3 Hern\u00e1n Galper\u00edn profesorde la [&hellip;]","og_url":"https:\/\/www.francispisani.net\/es\/redes_inalmbric\/","og_site_name":"FRANCIS PISANI","article_publisher":"https:\/\/www.facebook.com\/francis.pisani","article_author":"https:\/\/www.facebook.com\/francis.pisani","article_published_time":"2005-08-24T07:00:00+00:00","author":"Francis Pisani","twitter_card":"summary_large_image","twitter_creator":"@francispisani","twitter_site":"@francispisani","twitter_misc":{"Escrito por":"Francis Pisani","Tiempo de lectura":"4 minutos"},"schema":{"@context":"https:\/\/schema.org","@graph":[{"@type":"Article","@id":"https:\/\/www.francispisani.net\/es\/redes_inalmbric\/#article","isPartOf":{"@id":"https:\/\/www.francispisani.net\/es\/redes_inalmbric\/"},"author":{"name":"Francis Pisani","@id":"https:\/\/www.francispisani.net\/es\/#\/schema\/person\/23840424e18a129b90f71aba0809a74d"},"headline":"Redes inal\u00e1mbricas: tecnolog\u00eda y democratizaci\u00f3n &#8211; Francis Pisani","datePublished":"2005-08-24T07:00:00+00:00","mainEntityOfPage":{"@id":"https:\/\/www.francispisani.net\/es\/redes_inalmbric\/"},"wordCount":741,"commentCount":0,"publisher":{"@id":"https:\/\/www.francispisani.net\/es\/#\/schema\/person\/23840424e18a129b90f71aba0809a74d"},"articleSection":["Sin categorizar"],"inLanguage":"es"},{"@type":"WebPage","@id":"https:\/\/www.francispisani.net\/es\/redes_inalmbric\/","url":"https:\/\/www.francispisani.net\/es\/redes_inalmbric\/","name":"Redes inal\u00e1mbricas: tecnolog\u00eda y democratizaci\u00f3n - Francis Pisani","isPartOf":{"@id":"https:\/\/www.francispisani.net\/es\/#website"},"datePublished":"2005-08-24T07:00:00+00:00","breadcrumb":{"@id":"https:\/\/www.francispisani.net\/es\/redes_inalmbric\/#breadcrumb"},"inLanguage":"es","potentialAction":[{"@type":"ReadAction","target":["https:\/\/www.francispisani.net\/es\/redes_inalmbric\/"]}]},{"@type":"BreadcrumbList","@id":"https:\/\/www.francispisani.net\/es\/redes_inalmbric\/#breadcrumb","itemListElement":[{"@type":"ListItem","position":1,"name":"Home","item":"https:\/\/www.francispisani.net\/es\/"},{"@type":"ListItem","position":2,"name":"Redes inal\u00e1mbricas: tecnolog\u00eda y democratizaci\u00f3n &#8211; Francis Pisani"}]},{"@type":"WebSite","@id":"https:\/\/www.francispisani.net\/es\/#website","url":"https:\/\/www.francispisani.net\/es\/","name":"FRANCIS PISANI","description":"","publisher":{"@id":"https:\/\/www.francispisani.net\/es\/#\/schema\/person\/23840424e18a129b90f71aba0809a74d"},"potentialAction":[{"@type":"SearchAction","target":{"@type":"EntryPoint","urlTemplate":"https:\/\/www.francispisani.net\/es\/?s={search_term_string}"},"query-input":{"@type":"PropertyValueSpecification","valueRequired":true,"valueName":"search_term_string"}}],"inLanguage":"es"},{"@type":["Person","Organization"],"@id":"https:\/\/www.francispisani.net\/es\/#\/schema\/person\/23840424e18a129b90f71aba0809a74d","name":"Francis Pisani","image":{"@type":"ImageObject","inLanguage":"es","@id":"https:\/\/i2.wp.com\/www.francispisani.net\/wp-content\/uploads\/2020\/08\/francis-pisani-photo.jpeg?fit=200%2C200&ssl=1","url":"https:\/\/i2.wp.com\/www.francispisani.net\/wp-content\/uploads\/2020\/08\/francis-pisani-photo.jpeg?fit=200%2C200&ssl=1","contentUrl":"https:\/\/i2.wp.com\/www.francispisani.net\/wp-content\/uploads\/2020\/08\/francis-pisani-photo.jpeg?fit=200%2C200&ssl=1","width":200,"height":200,"caption":"Francis Pisani"},"logo":{"@id":"https:\/\/i2.wp.com\/www.francispisani.net\/wp-content\/uploads\/2020\/08\/francis-pisani-photo.jpeg?fit=200%2C200&ssl=1"},"description":"J\u2019enqu\u00eate, je suis et j\u2019analyse les technologies de l\u2019information et de la communication depuis la pr\u00e9histoire (1994). Piqu\u00e9 par la curiosit\u00e9 et l\u2019envie de comprendre ce que je sentais important, je suis all\u00e9 m\u2019installer dans la r\u00e9gion de San Francisco (janvier 1996) o\u00f9 j\u2019ai pass\u00e9 quinze ans \u00e0 enqu\u00eater sur ce qui s\u2019y faisait : l\u2019\u00e9mergence, le boom, le bust et la reprise. Un cycle complet \u00e0 la suite de quoi j\u2019ai trouv\u00e9 que m\u00eame \u00e0 Silicon Valley on peut se r\u00e9p\u00e9ter. En fait j\u2019ai la bougeotte. De retour en Europe (2010), j\u2019ai lanc\u00e9 un tour du monde de l\u2019innovation, le projet Winch 5 -- 45 villes, 32 pays entre septembre 2011 et octobre 2012 - enti\u00e8rement consacr\u00e9 \u00e0 l'\u00e9tude des conditions \u00e9conomiques, financi\u00e8res, culturelles et sociales du d\u00e9veloppement de l'innovation. J\u2019en a rapport\u00e9 des enseignements sur les meilleures fa\u00e7ons de la rendre possible, de l'encourager, de pr\u00e9parer individus, entreprises et nations \u00e0 participer ainsi \u00e0 la construction de leur propre futur. Une aventure fascinante qui m\u2019a permis de rencontrer des gens audacieux, dot\u00e9s d\u2019une grande intelligence ou d\u2019un grand c\u0153ur. Parfois les deux ensembles. Je donne r\u00e9guli\u00e8rement conf\u00e9rences et s\u00e9minaires sur ce sujet dans certaines entreprises fran\u00e7aises de poids : Bouygues Telecom, CapGemini, L'Or\u00e9al, SFR, SNCF, entre autres ainsi que dans des forums moins prestigieux mais dans lesquels l\u2019assistance est passionn\u00e9e Convaincu que l\u2019am\u00e9lioration de nos villes et de la d\u00e9mocratie locale est un enjeu technologique et social majeur, je viens de me lancer dans une nouvelle s\u00e9rie d\u2019enqu\u00eates \u2013 un tour du monde en plusieurs \u00e9tapes nomm\u00e9 Participolis - sur les villes intelligentes ou qui s\u2019efforcent de l\u2019\u00eatre : 20 villes entre janvier 2014 et avril 2015. Je le con\u00e7ois comme une tension constante entre deux p\u00f4les d\u2019un m\u00eame probl\u00e8me : CitySmarting ou l\u2019effort pour rendre les villes plus intelligentes gr\u00e2ce, notamment aux technologies de l\u2019information et Participolis, le fait qu\u2019un meilleur futur pour nos villes ne peut \u00e9merger que de notre participation \u00e0 leur conception et \u00e0 leur gestion. Mes articles et chroniques ont \u00e9t\u00e9 publi\u00e9s par plus de 100 m\u00e9dias sur quatre continents dont Le Monde, El Pa\u00eds (Madrid), Reforma (Mexico), The Next Web (Amsterdam) et Folha de S\u00e3o Paulo (Br\u00e9sil). J'enseigne aussi \u00e0 la Paris School of International Affairs de l'Institut d'\u00c9tudes Politiques de Paris et \u00e0 la WebSchoolFactory. J\u2019ai donn\u00e9 des cours \u00e0 l'Universit\u00e9 de Berkeley et \u00e0 l'Universit\u00e9 de Stanford. Je participe en temps qu\u2019expert au r\u00e9seau Netexplo. J\u2019ai publi\u00e9 plusieurs livres dont Comment le web change le monde, l'alchimie des multitudes (Pearson) avec Dominique Piotet (2008 et 2011). Quand je ne suis pas en vadrouille autour du monde, je vis entre Paris, Barcelone et Mexico. Mais toujours je suis int\u00e9ress\u00e9 par vos commentaires, critiques et suggestions. Francispisani \u00e0 gmailvousconnaissezlasuite Google http:\/\/tinyurl.com\/francispisani Twitter: @francispisani A tout de suite\u2026","sameAs":["https:\/\/www.francispisani.net\/","https:\/\/www.facebook.com\/francis.pisani","https:\/\/www.linkedin.com\/in\/francispisani","https:\/\/x.com\/francispisani","https:\/\/fr.wikipedia.org\/wiki\/Francis_Pisani"],"url":"https:\/\/www.francispisani.net\/es\/author\/francis-pisani\/"}]}},"jetpack_publicize_connections":[],"jetpack_featured_media_url":"","jetpack-related-posts":[{"id":4566,"url":"https:\/\/www.francispisani.net\/es\/internet_y_prod\/","url_meta":{"origin":914,"position":0},"title":"Internet y productividad &#8211; Francis Pisani","author":"Francis Pisani","date":"7 de julio de 2004","format":false,"excerpt":"La productividad de los trabajadores norteamericanos aument\u00f3 en un 3,8% por a\u00f1o al final del primer trimestre del 2004, seg\u00fan cifras de la Secretar\u00eda del trabajo. A lo cual hace falta agregar un aumento de las ganancias de las empresas del 21% durante el segundo trimestre, avance atribuido a la\u2026","rel":"","context":"En \u00abbusiness\u00bb","block_context":{"text":"business","link":"https:\/\/www.francispisani.net\/es\/business-2\/"},"img":{"alt_text":"","src":"","width":0,"height":0},"classes":[]},{"id":4078,"url":"https:\/\/www.francispisani.net\/es\/tres_tendencias\/","url_meta":{"origin":914,"position":1},"title":"Tres tendencias para 2003 &#8211; Francis Pisani","author":"Francis Pisani","date":"30 de diciembre de 2002","format":false,"excerpt":"Las tres tendencias que m\u00e1s llaman la atenci\u00f3n para el a\u00f1o 2003 parecen ser el lento despertar del sector inform\u00e1tico, el aumento de los esfuerzos por controlar y monitorear nuestras actividades, y la aparici\u00f3n de una nueva etapa en la historia de las tecnolog\u00edas de la informaci\u00f3n como consecuencia del\u2026","rel":"","context":"En \u00abbusiness\u00bb","block_context":{"text":"business","link":"https:\/\/www.francispisani.net\/es\/business-2\/"},"img":{"alt_text":"","src":"","width":0,"height":0},"classes":[]},{"id":4070,"url":"https:\/\/www.francispisani.net\/es\/avance_de_las_r\/","url_meta":{"origin":914,"position":2},"title":"Avance de las redes inal\u00e1mbricas &#8211; Francis Pisani","author":"Francis Pisani","date":"9 de diciembre de 2002","format":false,"excerpt":"Tres de los grandes de la tecnolog\u00eda y las telecomunicaciones, AT&T, IBM e Intel, acaban de lanzar Cometa Networks, una sociedad que se propone cubrir los Estados Unidos con una red de comunicaci\u00f3n inal\u00e1mbrica de banda ancha. Se trata del reconocimiento del \u00e9xito de una tecnolog\u00eda impuesta al principio por\u2026","rel":"","context":"En \u00abespa\u00f1ol\u00bb","block_context":{"text":"espa\u00f1ol","link":"https:\/\/www.francispisani.net\/es\/espanol\/"},"img":{"alt_text":"","src":"","width":0,"height":0},"classes":[]},{"id":4536,"url":"https:\/\/www.francispisani.net\/es\/el_telfono_deja\/","url_meta":{"origin":914,"position":3},"title":"El tel\u00e9fono deja de ser un aparato, es una aplicaci\u00f3n &#8211; Francis Pisani","author":"Francis Pisani","date":"31 de marzo de 2004","format":false,"excerpt":"La telefon\u00eda internet es una oportunidad para los usuarios deseosos de reducir el costo de sus comunicaciones, pero las empresas de telecomunicaci\u00f3n la ven como una amenaza. Las posiciones de monopolio mantenidas a pesar de las desregulaciones y las tarifas exorbitantes aplicadas a las llamadas, o sea su propio modelo\u2026","rel":"","context":"En \u00abespa\u00f1ol\u00bb","block_context":{"text":"espa\u00f1ol","link":"https:\/\/www.francispisani.net\/es\/espanol\/"},"img":{"alt_text":"","src":"","width":0,"height":0},"classes":[]},{"id":4310,"url":"https:\/\/www.francispisani.net\/es\/wifi_una_burbuj\/","url_meta":{"origin":914,"position":4},"title":"WiFi: \u00bfuna burbuja a punto de reventar? &#8211; Francis Pisani","author":"Francis Pisani","date":"8 de julio de 2003","format":false,"excerpt":"WiFi, la tecnolog\u00eda de comunicaci\u00f3n inal\u00e1mbrica para computadoras, era hasta hace algunas semanas uno de los pocos sectores portadores de cierto optimismo entre las tecnolog\u00edas de informaci\u00f3n y de la comunicaci\u00f3n. El n\u00famero de sus usuarios crece de manera espectacular, inventan nuevos usos a diario, el dinero llega a granel\u2026","rel":"","context":"En \u00abbusiness\u00bb","block_context":{"text":"business","link":"https:\/\/www.francispisani.net\/es\/business-2\/"},"img":{"alt_text":"","src":"","width":0,"height":0},"classes":[]},{"id":4348,"url":"https:\/\/www.francispisani.net\/es\/el_poder_est_en\/","url_meta":{"origin":914,"position":5},"title":"El poder est\u00e1 en los m\u00e1rgenes &#8211; Francis Pisani","author":"Francis Pisani","date":"4 de noviembre de 2003","format":false,"excerpt":"Se\u00f1al de los profundos cambios tra\u00eddos por la tecnolog\u00eda, nociones tan cardinales como la relaci\u00f3n entre mayor\u00eda y minor\u00eda se modifican. Si hemos de creer a los tecn\u00f3filos m\u00e1s avanzados, hasta la cuesti\u00f3n del poder no se plantea de la misma manera, para quienes se encuentra \"en las m\u00e1rgenes\".Stanford, California,\u2026","rel":"","context":"En \u00abespa\u00f1ol\u00bb","block_context":{"text":"espa\u00f1ol","link":"https:\/\/www.francispisani.net\/es\/espanol\/"},"img":{"alt_text":"","src":"","width":0,"height":0},"classes":[]}],"jetpack_sharing_enabled":true,"jetpack_likes_enabled":true,"amp_enabled":true,"_links":{"self":[{"href":"https:\/\/www.francispisani.net\/es\/wp-json\/wp\/v2\/posts\/914","targetHints":{"allow":["GET"]}}],"collection":[{"href":"https:\/\/www.francispisani.net\/es\/wp-json\/wp\/v2\/posts"}],"about":[{"href":"https:\/\/www.francispisani.net\/es\/wp-json\/wp\/v2\/types\/post"}],"author":[{"embeddable":true,"href":"https:\/\/www.francispisani.net\/es\/wp-json\/wp\/v2\/users\/2"}],"replies":[{"embeddable":true,"href":"https:\/\/www.francispisani.net\/es\/wp-json\/wp\/v2\/comments?post=914"}],"version-history":[{"count":0,"href":"https:\/\/www.francispisani.net\/es\/wp-json\/wp\/v2\/posts\/914\/revisions"}],"wp:attachment":[{"href":"https:\/\/www.francispisani.net\/es\/wp-json\/wp\/v2\/media?parent=914"}],"wp:term":[{"taxonomy":"category","embeddable":true,"href":"https:\/\/www.francispisani.net\/es\/wp-json\/wp\/v2\/categories?post=914"},{"taxonomy":"post_tag","embeddable":true,"href":"https:\/\/www.francispisani.net\/es\/wp-json\/wp\/v2\/tags?post=914"}],"curies":[{"name":"wp","href":"https:\/\/api.w.org\/{rel}","templated":true}]}}